{"id":8328,"date":"2025-12-11T11:25:26","date_gmt":"2025-12-11T11:25:26","guid":{"rendered":"https:\/\/www.ecletismomusical.pt\/?p=8328"},"modified":"2025-12-11T11:27:00","modified_gmt":"2025-12-11T11:27:00","slug":"worth-listening-to-soul-de-brasileiro-de-onde-eu-vim","status":"publish","type":"post","link":"https:\/\/www.ecletismomusical.pt\/en\/worth-listening-to-soul-de-brasileiro-de-onde-eu-vim\/","title":{"rendered":"[Worth Listening to] Soul de Brasileiro &#8211; De Onde Eu Vim"},"content":{"rendered":"<p><a href=\"https:\/\/www.instagram.com\/souldebr\/\">Soul de Brasileiro<\/a> nasceu na Vila Kennedy, zona Oeste do Rio de Janeiro. O grupo \u00e9 formado por <strong>Ge Vieira, Jos\u00e9 Junior e Negra Silva<\/strong>. A sua linguagem musical atravessa diferentes matrizes: h\u00e1 o soul, h\u00e1 o peso da tradi\u00e7\u00e3o vocal, mas tamb\u00e9m a urg\u00eancia de comunicar algo vivenciado, real, perif\u00e9rico. As suas m\u00fasicas exploram afetos, identidade negra, comunidade, amores poss\u00edveis, mem\u00f3rias de favela e resist\u00eancia simb\u00f3lica. <\/p>\n\n\n\n<div class=\"wp-block-embed__wrapper\">\n<iframe width=\"900\" height=\"506\" src=\"https:\/\/www.youtube.com\/embed\/TDUydZEw52M?feature=oembed\" frameborder=\"0\" allowfullscreen><\/iframe>\n<\/div>\n\n\n\n<p>&#8220;De Onde Eu Vim&#8221; \u00e9 o novo single e marca um momento de afirma\u00e7\u00e3o clara: a m\u00fasica funciona como declara\u00e7\u00e3o de origem, de pertencimento, de orgulho. O videoclipe revela a Vila Kennedy, n\u00e3o como estigma, mas como lugar de mem\u00f3ria e comunidade. A faixa reafirma a ideia de que a origem n\u00e3o precisa ser sinal de limita\u00e7\u00e3o. Pode ser for\u00e7a, presente, futuro.<\/p>\n\n\n\n<div class=\"wp-block-embed__wrapper\">\n<iframe style=\"border-radius: 12px\" width=\"100%\" height=\"152\" frameborder=\"0\" allowfullscreen src=\"https:\/\/open.spotify.com\/embed\/track\/4Ptr1TdirMxGnjTVRsnsyV?si=qdCoBvQlTZ6Sezy8tSNjxQ&amp;utm_source=oembed\"><\/iframe>\n<\/div>","protected":false},"excerpt":{"rendered":"<p>Soul de Brasileiro nasceu na Vila Kennedy, zona Oeste do Rio de Janeiro. O grupo \u00e9 formado por Ge Vieira, Jos\u00e9 Junior e Negra Silva. A sua linguagem musical atravessa diferentes matrizes: h\u00e1 o soul, h\u00e1 o peso da tradi\u00e7\u00e3o vocal, mas tamb\u00e9m a urg\u00eancia de comunicar algo vivenciado, real, perif\u00e9rico. As suas m\u00fasicas exploram<\/p>","protected":false},"author":1,"featured_media":8344,"comment_status":"open","ping_status":"open","sticky":false,"template":"","format":"standard","meta":[],"categories":[1,26,30],"tags":[87,1462,115],"_links":{"self":[{"href":"https:\/\/www.ecletismomusical.pt\/en\/wp-json\/wp\/v2\/posts\/8328"}],"collection":[{"href":"https:\/\/www.ecletismomusical.pt\/en\/wp-json\/wp\/v2\/posts"}],"about":[{"href":"https:\/\/www.ecletismomusical.pt\/en\/wp-json\/wp\/v2\/types\/post"}],"author":[{"embeddable":true,"href":"https:\/\/www.ecletismomusical.pt\/en\/wp-json\/wp\/v2\/users\/1"}],"replies":[{"embeddable":true,"href":"https:\/\/www.ecletismomusical.pt\/en\/wp-json\/wp\/v2\/comments?post=8328"}],"version-history":[{"count":2,"href":"https:\/\/www.ecletismomusical.pt\/en\/wp-json\/wp\/v2\/posts\/8328\/revisions"}],"predecessor-version":[{"id":8345,"href":"https:\/\/www.ecletismomusical.pt\/en\/wp-json\/wp\/v2\/posts\/8328\/revisions\/8345"}],"wp:featuredmedia":[{"embeddable":true,"href":"https:\/\/www.ecletismomusical.pt\/en\/wp-json\/wp\/v2\/media\/8344"}],"wp:attachment":[{"href":"https:\/\/www.ecletismomusical.pt\/en\/wp-json\/wp\/v2\/media?parent=8328"}],"wp:term":[{"taxonomy":"category","embeddable":true,"href":"https:\/\/www.ecletismomusical.pt\/en\/wp-json\/wp\/v2\/categories?post=8328"},{"taxonomy":"post_tag","embeddable":true,"href":"https:\/\/www.ecletismomusical.pt\/en\/wp-json\/wp\/v2\/tags?post=8328"}],"curies":[{"name":"wp","href":"https:\/\/api.w.org\/{rel}","templated":true}]}}