{"id":8346,"date":"2025-12-11T15:57:26","date_gmt":"2025-12-11T15:57:26","guid":{"rendered":"https:\/\/www.ecletismomusical.pt\/?p=8346"},"modified":"2025-12-11T15:58:27","modified_gmt":"2025-12-11T15:58:27","slug":"worth-listening-to-luis-sequeira-atras-do-tempo","status":"publish","type":"post","link":"https:\/\/www.ecletismomusical.pt\/en\/worth-listening-to-luis-sequeira-atras-do-tempo\/","title":{"rendered":"[Worth Listening to] Lu\u00eds Sequeira &#8211; Atr\u00e1s do Tempo"},"content":{"rendered":"<p><a href=\"https:\/\/www.instagram.com\/luissequeira.official\/\">Lu\u00eds Sequeira<\/a>, possuidor de uma voz extraordin\u00e1ria, tornou-se um nome conhecido do p\u00fablico portugu\u00eas em 2014, quando participou na segunda edi\u00e7\u00e3o do <strong>The Voice Portugal.<\/strong> Com interpreta\u00e7\u00f5es marcantes, incluindo uma das melhores performances de sempre de Rosa Sangue, juntamente com <strong>Marisa Liz.<\/strong> Ficou em 2\u00ba lugar, numa disputa taco a taco com <strong>Rui Durmont<\/strong>.<\/p>\n\n\n\n<div class=\"wp-block-embed__wrapper\">\n<iframe width=\"900\" height=\"506\" src=\"https:\/\/www.youtube.com\/embed\/Tp5yMp3QqxY?feature=oembed\" frameborder=\"0\" allowfullscreen><\/iframe>\n<\/div>\n\n\n\n<p>Ap\u00f3s o The Voice, <strong>Lu\u00eds Sequeira <\/strong>tem-se dedicado \u00e0 constru\u00e7\u00e3o de uma carreira que privilegia a sua identidade como cantor e compositor. Tendo, num mercado pequeno e que tem as suas idiossincrasias de sucesso,  vindo a lan\u00e7ar temas originais com forte componente emotiva e mel\u00f3dica, entre os quais <strong>\u201cSe ao menos eu te odiasse\u201d<\/strong>, single que j\u00e1 ultrapassou milh\u00f5es de visualiza\u00e7\u00f5es online.&nbsp;<\/p>\n\n\n\n<div class=\"wp-block-embed__wrapper\">\n<iframe width=\"900\" height=\"506\" src=\"https:\/\/www.youtube.com\/embed\/2emzjHWFKC8?feature=oembed\" frameborder=\"0\" allowfullscreen><\/iframe>\n<\/div>\n\n\n\n<p>Apresenta agora o single <strong>&#8220;Atr\u00e1s do Tempo&#8221;<\/strong>, uma can\u00e7\u00e3o que reflete a sua maturidade enquanto compositor e int\u00e9rprete. Nas palavras do pr\u00f3prio: <em>&#8220;Esta can\u00e7\u00e3o fala sobre arrependimento. Arrependermo-nos \u00e9 humano. N\u00e3o seria propriamente humano se cheg\u00e1ssemos \u00e0 nossa hora (de despedida, mas n\u00e3o de Coimbra), sem arrependimento. Mas isto n\u00e3o deve ser encarado como uma estranha anomalia, ou sinal de fraqueza ou falha. \u00c9 sim, sinal de imagina\u00e7\u00e3o e contempla\u00e7\u00e3o sobre o que poderia ter sido, o que poderias ter feito melhor, o que poderia ter mudado se tivesse essa oportunidade novamente &#8211; crescer e saber saborear a vida melhor \u00e9 isto. \u00c9 a no\u00e7\u00e3o de arrependimento ocupa o lugar entre o que conquist\u00e1mos e o que seria poss\u00edvel. V\u00e3o haver, em todas as vidas humanas, coisas que n\u00e3o vamos conseguir fazer: pessoas com as quais nunca falaremos; s\u00edtios onde nunca iremos; gestos ou decis\u00f5es que n\u00e3o tom\u00e1mos e pensamentos que nunca nos passaram pela cabe\u00e7a. <\/em><\/p>\n\n\n\n<p><em>\u00c9 ser realista assumir que somos tanto o que nos acontece quanto o que fazemos acontecer, ou n\u00e3o. S\u00f3 saberemos (sempre) mais \u00e0 frente. Ficando, assim, a conhecermo-nos melhor. Cada um anda a fazer o melhor que pode ou consegue, carregando sempre o saco de arrependimentos \u00e0s costas e os sonhos vidrados no brilho do olhar.&#8221;<\/em><\/p>\n\n\n\n<div class=\"wp-block-embed__wrapper\">\n<iframe width=\"900\" height=\"506\" src=\"https:\/\/www.youtube.com\/embed\/qdR79YWW3cA?feature=oembed\" frameborder=\"0\" allowfullscreen><\/iframe>\n<\/div>\n\n\n\n<div class=\"wp-block-embed__wrapper\">\n<iframe style=\"border-radius: 12px\" width=\"100%\" height=\"352\" frameborder=\"0\" allowfullscreen src=\"https:\/\/open.spotify.com\/embed\/album\/6xPGFlzdas8a8dcS1qh1n4?si=v6Orj8twTMaUxmDpoRmemw&amp;utm_source=oembed\"><\/iframe>\n<\/div>\n\n\n\n<p>Lu\u00eds Sequeira \u00e9 um exemplo, de que, o caminho da m\u00fasica pode n\u00e3o ser f\u00e1cil, mas o talento e a persist\u00eancia certamente tocar\u00e3o aqueles a que sua arte chegar. Mais uma vez, o <strong>Podcast do David Antunes: Canta-me uma Hist\u00f3ria <\/strong>[J\u00e1 destacado pelo Ecletismo Musical <a href=\"https:\/\/www.ecletismomusical.pt\/en\/public-service-canta-me-uma-historia\/?swcfpc=1\">AQUI<\/a>], teve oportunidade de contar com a presen\u00e7a de um sempre inspirado Lu\u00eds.<\/p>\n\n\n\n<div class=\"wp-block-embed__wrapper\">\n<iframe width=\"900\" height=\"506\" src=\"https:\/\/www.youtube.com\/embed\/QCMsSfREN6E?feature=oembed\" frameborder=\"0\" allowfullscreen><\/iframe>\n<\/div>\n\n\n\n<p><\/p>","protected":false},"excerpt":{"rendered":"<p>Lu\u00eds Sequeira, possuidor de uma voz extraordin\u00e1ria, tornou-se um nome conhecido do p\u00fablico portugu\u00eas em 2014, quando participou na segunda edi\u00e7\u00e3o do The Voice Portugal. Com interpreta\u00e7\u00f5es marcantes, incluindo uma das melhores performances de sempre de Rosa Sangue, juntamente com Marisa Liz. Ficou em 2\u00ba lugar, numa disputa taco a taco com Rui Durmont. Ap\u00f3s<\/p>","protected":false},"author":1,"featured_media":8349,"comment_status":"open","ping_status":"open","sticky":false,"template":"","format":"standard","meta":[],"categories":[1,26,30],"tags":[1463,87,115],"_links":{"self":[{"href":"https:\/\/www.ecletismomusical.pt\/en\/wp-json\/wp\/v2\/posts\/8346"}],"collection":[{"href":"https:\/\/www.ecletismomusical.pt\/en\/wp-json\/wp\/v2\/posts"}],"about":[{"href":"https:\/\/www.ecletismomusical.pt\/en\/wp-json\/wp\/v2\/types\/post"}],"author":[{"embeddable":true,"href":"https:\/\/www.ecletismomusical.pt\/en\/wp-json\/wp\/v2\/users\/1"}],"replies":[{"embeddable":true,"href":"https:\/\/www.ecletismomusical.pt\/en\/wp-json\/wp\/v2\/comments?post=8346"}],"version-history":[{"count":3,"href":"https:\/\/www.ecletismomusical.pt\/en\/wp-json\/wp\/v2\/posts\/8346\/revisions"}],"predecessor-version":[{"id":8350,"href":"https:\/\/www.ecletismomusical.pt\/en\/wp-json\/wp\/v2\/posts\/8346\/revisions\/8350"}],"wp:featuredmedia":[{"embeddable":true,"href":"https:\/\/www.ecletismomusical.pt\/en\/wp-json\/wp\/v2\/media\/8349"}],"wp:attachment":[{"href":"https:\/\/www.ecletismomusical.pt\/en\/wp-json\/wp\/v2\/media?parent=8346"}],"wp:term":[{"taxonomy":"category","embeddable":true,"href":"https:\/\/www.ecletismomusical.pt\/en\/wp-json\/wp\/v2\/categories?post=8346"},{"taxonomy":"post_tag","embeddable":true,"href":"https:\/\/www.ecletismomusical.pt\/en\/wp-json\/wp\/v2\/tags?post=8346"}],"curies":[{"name":"wp","href":"https:\/\/api.w.org\/{rel}","templated":true}]}}