{"id":8355,"date":"2025-12-14T13:59:12","date_gmt":"2025-12-14T13:59:12","guid":{"rendered":"https:\/\/www.ecletismomusical.pt\/?p=8355"},"modified":"2025-12-14T13:59:20","modified_gmt":"2025-12-14T13:59:20","slug":"worth-listening-to-xtinto-assunto-meu","status":"publish","type":"post","link":"https:\/\/www.ecletismomusical.pt\/en\/worth-listening-to-xtinto-assunto-meu\/","title":{"rendered":"[Worth Listening to] xtinto &#8211; Assunto Meu"},"content":{"rendered":"<p><strong>\u201cAssunto Meu\u201d<\/strong> \u00e9 o novo single de <a href=\"https:\/\/www.instagram.com\/xtinto_\/\">xtinto<\/a> e aparece como primeiro avan\u00e7o do pr\u00f3ximo \u00e1lbum <strong>&#8220;<em>Em sonhos \u00e9 sabido n\u00e3o se morre<\/em>&#8220;<\/strong>, com edi\u00e7\u00e3o prevista para o in\u00edcio de 2026, e que ser\u00e1 apresentado ao vivo num concerto no <strong>Capit\u00f3lio em Lisboa a 11 de mar\u00e7o de 2026.<\/strong><\/p>\n\n\n\n<div class=\"wp-block-embed__wrapper\">\n<iframe width=\"900\" height=\"675\" src=\"https:\/\/www.youtube.com\/embed\/7s7I8WxLWMo?feature=oembed\" frameborder=\"0\" allowfullscreen><\/iframe>\n<\/div>\n\n\n\n<p><em>Assunto Meu<\/em> n\u00e3o \u00e9 apenas mais uma faixa na discografia de Francisco Santos: \u00e9 um coment\u00e1rio cr\u00edtico sobre a indiferen\u00e7a contempor\u00e2nea. A letra aponta para esse gesto t\u00e3o comum de \u201cn\u00e3o me meto em nada\u201d, de confundir sil\u00eancio com liberdade e desinteresse com sabedoria, enquanto o mundo l\u00e1 fora parece desmoronar-se sob os nossos olhos. \u00c9 uma reflex\u00e3o que transp\u00f5e o pessoal para o colectivo, espelhando a apatia que muitas vezes se disfar\u00e7a de autonomia e que marca os dias que correm.<\/p>\n\n\n\n<div class=\"wp-block-embed__wrapper\">\n<iframe style=\"border-radius: 12px\" width=\"100%\" height=\"152\" frameborder=\"0\" allowfullscreen src=\"https:\/\/open.spotify.com\/embed\/track\/4sjDdTecsvoxV4vjvmUhMO?si=cdfdef2790794022&amp;utm_source=oembed\"><\/iframe>\n<\/div>","protected":false},"excerpt":{"rendered":"<p>\u201cAssunto Meu\u201d \u00e9 o novo single de xtinto e aparece como primeiro avan\u00e7o do pr\u00f3ximo \u00e1lbum &#8220;Em sonhos \u00e9 sabido n\u00e3o se morre&#8220;, com edi\u00e7\u00e3o prevista para o in\u00edcio de 2026, e que ser\u00e1 apresentado ao vivo num concerto no Capit\u00f3lio em Lisboa a 11 de mar\u00e7o de 2026. Assunto Meu n\u00e3o \u00e9 apenas mais<\/p>","protected":false},"author":1,"featured_media":8356,"comment_status":"open","ping_status":"open","sticky":false,"template":"","format":"standard","meta":[],"categories":[1,26,30],"tags":[87,161,115,1467],"_links":{"self":[{"href":"https:\/\/www.ecletismomusical.pt\/en\/wp-json\/wp\/v2\/posts\/8355"}],"collection":[{"href":"https:\/\/www.ecletismomusical.pt\/en\/wp-json\/wp\/v2\/posts"}],"about":[{"href":"https:\/\/www.ecletismomusical.pt\/en\/wp-json\/wp\/v2\/types\/post"}],"author":[{"embeddable":true,"href":"https:\/\/www.ecletismomusical.pt\/en\/wp-json\/wp\/v2\/users\/1"}],"replies":[{"embeddable":true,"href":"https:\/\/www.ecletismomusical.pt\/en\/wp-json\/wp\/v2\/comments?post=8355"}],"version-history":[{"count":1,"href":"https:\/\/www.ecletismomusical.pt\/en\/wp-json\/wp\/v2\/posts\/8355\/revisions"}],"predecessor-version":[{"id":8357,"href":"https:\/\/www.ecletismomusical.pt\/en\/wp-json\/wp\/v2\/posts\/8355\/revisions\/8357"}],"wp:featuredmedia":[{"embeddable":true,"href":"https:\/\/www.ecletismomusical.pt\/en\/wp-json\/wp\/v2\/media\/8356"}],"wp:attachment":[{"href":"https:\/\/www.ecletismomusical.pt\/en\/wp-json\/wp\/v2\/media?parent=8355"}],"wp:term":[{"taxonomy":"category","embeddable":true,"href":"https:\/\/www.ecletismomusical.pt\/en\/wp-json\/wp\/v2\/categories?post=8355"},{"taxonomy":"post_tag","embeddable":true,"href":"https:\/\/www.ecletismomusical.pt\/en\/wp-json\/wp\/v2\/tags?post=8355"}],"curies":[{"name":"wp","href":"https:\/\/api.w.org\/{rel}","templated":true}]}}