{"id":8358,"date":"2025-12-14T14:50:51","date_gmt":"2025-12-14T14:50:51","guid":{"rendered":"https:\/\/www.ecletismomusical.pt\/?p=8358"},"modified":"2025-12-14T14:50:59","modified_gmt":"2025-12-14T14:50:59","slug":"worth-listening-to-silvana-peres-convidadas-violencia","status":"publish","type":"post","link":"https:\/\/www.ecletismomusical.pt\/en\/worth-listening-to-silvana-peres-convidadas-violencia\/","title":{"rendered":"[Worth Listening to] Silvana Peres &#038; Convidadas &#8211; Viol\u00eancia"},"content":{"rendered":"<p>No cora\u00e7\u00e3o do fado, essa forma musical que sempre foi voz do povo e espelho das suas dores e alegrias, surge <em>Viol\u00eancia<\/em>, o mais recente single de <strong><a href=\"https:\/\/www.instagram.com\/silvanaperesofficial\/\">Silvana Peres<\/a> &amp; Convidadas<\/strong> e primeiro avan\u00e7o de \u201cA Todas as Mulheres\u201d, o terceiro \u00e1lbum de Silvana Peres. Lan\u00e7ado a 10 de dezembro de 2025, no <strong>Dia Internacional dos Direitos Humanos<\/strong>, este tema n\u00e3o \u00e9 simplesmente uma can\u00e7\u00e3o; \u00e9 uma convoca\u00e7\u00e3o colectiva e um grito editorial contra todas as formas de viol\u00eancia que permeiam as nossas vidas e as nossas ruas.<\/p>\n\n\n\n<div class=\"wp-block-embed__wrapper\">\n<iframe width=\"900\" height=\"506\" src=\"https:\/\/www.youtube.com\/embed\/3pHFXIzIktA?feature=oembed\" frameborder=\"0\" allowfullscreen><\/iframe>\n<\/div>\n\n\n\n<p>Com letra e m\u00fasica da reconhecida <strong>Marina Mota<\/strong>, <em>Viol\u00eancia<\/em> assume-se como um manifesto: transformar o sil\u00eancio em consci\u00eancia, a ferida em palavra, o olhar desviado em confronta\u00e7\u00e3o. <\/p>\n\n\n\n<p>Para intensificar a mensagem, Silvana Peres reuniu <strong>treze fadistas de gera\u00e7\u00f5es diferentes<\/strong>, Cristina Branco, Joana Amendoeira, Beatriz Fel\u00edcio, Marina Mota, Sandra Correia, Lina, Maria Em\u00edlia, Sofia Ramos, Sara Paix\u00e3o, Ana Rita Prada, Ana Margarida Prado, Marta Rosa e Matilde Cid, criando um momento \u00fanico de comunh\u00e3o entre gera\u00e7\u00f5es.<\/p>\n\n\n\n<div class=\"wp-block-embed__wrapper\">\n<iframe style=\"border-radius: 12px\" width=\"100%\" height=\"152\" frameborder=\"0\" allowfullscreen src=\"https:\/\/open.spotify.com\/embed\/track\/6y61bfd0NlOmFooxZTLYeP?si=864cb82c0b274ce2&amp;utm_source=oembed\"><\/iframe>\n<\/div>","protected":false},"excerpt":{"rendered":"<p>No cora\u00e7\u00e3o do fado, essa forma musical que sempre foi voz do povo e espelho das suas dores e alegrias, surge Viol\u00eancia, o mais recente single de Silvana Peres &amp; Convidadas e primeiro avan\u00e7o de \u201cA Todas as Mulheres\u201d, o terceiro \u00e1lbum de Silvana Peres. Lan\u00e7ado a 10 de dezembro de 2025, no Dia Internacional<\/p>","protected":false},"author":1,"featured_media":8359,"comment_status":"open","ping_status":"open","sticky":false,"template":"","format":"standard","meta":[],"categories":[1,26,30],"tags":[244,1468,115],"_links":{"self":[{"href":"https:\/\/www.ecletismomusical.pt\/en\/wp-json\/wp\/v2\/posts\/8358"}],"collection":[{"href":"https:\/\/www.ecletismomusical.pt\/en\/wp-json\/wp\/v2\/posts"}],"about":[{"href":"https:\/\/www.ecletismomusical.pt\/en\/wp-json\/wp\/v2\/types\/post"}],"author":[{"embeddable":true,"href":"https:\/\/www.ecletismomusical.pt\/en\/wp-json\/wp\/v2\/users\/1"}],"replies":[{"embeddable":true,"href":"https:\/\/www.ecletismomusical.pt\/en\/wp-json\/wp\/v2\/comments?post=8358"}],"version-history":[{"count":1,"href":"https:\/\/www.ecletismomusical.pt\/en\/wp-json\/wp\/v2\/posts\/8358\/revisions"}],"predecessor-version":[{"id":8360,"href":"https:\/\/www.ecletismomusical.pt\/en\/wp-json\/wp\/v2\/posts\/8358\/revisions\/8360"}],"wp:featuredmedia":[{"embeddable":true,"href":"https:\/\/www.ecletismomusical.pt\/en\/wp-json\/wp\/v2\/media\/8359"}],"wp:attachment":[{"href":"https:\/\/www.ecletismomusical.pt\/en\/wp-json\/wp\/v2\/media?parent=8358"}],"wp:term":[{"taxonomy":"category","embeddable":true,"href":"https:\/\/www.ecletismomusical.pt\/en\/wp-json\/wp\/v2\/categories?post=8358"},{"taxonomy":"post_tag","embeddable":true,"href":"https:\/\/www.ecletismomusical.pt\/en\/wp-json\/wp\/v2\/tags?post=8358"}],"curies":[{"name":"wp","href":"https:\/\/api.w.org\/{rel}","templated":true}]}}