{"id":836,"date":"2006-12-05T00:00:00","date_gmt":"2006-12-05T00:00:00","guid":{"rendered":"https:\/\/ecletismomusical.pt\/the-gift\/"},"modified":"2006-12-05T00:00:00","modified_gmt":"2006-12-05T00:00:00","slug":"the-gift","status":"publish","type":"post","link":"https:\/\/www.ecletismomusical.pt\/en\/the-gift\/","title":{"rendered":"The Gift"},"content":{"rendered":"<div><a href=\"http:\/\/www.thegift.pt\/\"><img height=\"199\" src=\"http:\/\/www.fnac.pt\/Images\/catalogo\/discos\/g\/5606465200617.jpg\" width=\"190\" \/><\/a><br \/><span style=\"font-family:arial\"><a href=\"http:\/\/www.thegift.pt\/\">F\u00e1cil de Entender<\/a> &#8211; The Gift<br \/><img src=\"http:\/\/images-eu.amazon.com\/images\/G\/02\/detail\/stars-5-0.gif\" \/><\/p>\n<p><span style=\"font-family:arial\">Chegou recentemente \u00e0s lojas o \u00faltimo trabalho de um dos melhores projectos da m\u00fasica feita em Portugal. Nesta revis\u00e3o da mat\u00e9ria dada, os <strong>The Gift<\/strong> recuperam os grandes temas da sua carreira, com novos e surpreendentes arranjos, interpretados ao vivo em duas grandes noites.<\/p>\n<p>Est\u00e3o l\u00e1 todos os grandes sucessos, desde <strong>\u00abMy Lovely Mirror\u00bb<\/strong> do \u00e1lbum Vinyl at\u00e9 <strong>\u00abF\u00e1cil de Entender\u00bb<\/strong>, passando por temas como <strong>\u00abWallpaper\u00bb ou \u00abMusic\u00bb.<\/strong><\/p>\n<p>Este \u00e9 portanto um disco obrigat\u00f3rio para fans, mas tamb\u00e9m para todos os que querem conhecer mais sobre, provavelmente, a mais profissional banda portuguesa. Os <strong>The Gift<\/strong> se tivessem nascido noutro pa\u00eds, ou se, tivessem o apoio de marketing e distribui\u00e7\u00e3o necess\u00e1rios poderiam certamente ambicionar a serem reconhecidos em outros mercados. A qualidade e a excel\u00eancia da produ\u00e7\u00e3o est\u00e3o l\u00e1, falta a divulga\u00e7\u00e3o.<\/p>\n<p>Existem diversas edi\u00e7\u00f5es, sendo que existe, a um pre\u00e7o muito competitivo, uma edi\u00e7\u00e3o especial numa caixa digipack, com capa dura, que cont\u00e9m o seguinte: 2 CDs com grava\u00e7\u00e3o ao vivo + 3 temas in\u00e9ditos + DVD com concerto gravado em est\u00fadio e, como extras, imagens do concerto nos Coliseus de Lisboa e Porto e imagens da tourn\u00e9. Inclui tamb\u00e9m um book de 48 p\u00e1ginas com fotos da banda<\/p>\n<p>Para ver ao vivo a <strong>9 e 10 de Dezembro no CCB.<\/strong> Mais informa\u00e7\u00f5es no <a href=\"http:\/\/www.thegift.pt\/\">site oficial<\/a>.<\/p>\n<p>F\u00e1cil de Entender &#8211; The Gift<\/span><\/p>\n<p><\/div>\n<p><\/span><\/p>","protected":false},"excerpt":{"rendered":"<p>F\u00e1cil de Entender &#8211; The Gift Chegou recentemente \u00e0s lojas o \u00faltimo trabalho de um dos melhores projectos da m\u00fasica feita em Portugal. Nesta revis\u00e3o da mat\u00e9ria dada, os The Gift recuperam os grandes temas da sua carreira, com novos e surpreendentes arranjos, interpretados ao vivo em duas grandes noites. Est\u00e3o l\u00e1 todos os grandes<\/p>","protected":false},"author":1,"featured_media":0,"comment_status":"open","ping_status":"open","sticky":false,"template":"","format":"standard","meta":[],"categories":[1],"tags":[],"_links":{"self":[{"href":"https:\/\/www.ecletismomusical.pt\/en\/wp-json\/wp\/v2\/posts\/836"}],"collection":[{"href":"https:\/\/www.ecletismomusical.pt\/en\/wp-json\/wp\/v2\/posts"}],"about":[{"href":"https:\/\/www.ecletismomusical.pt\/en\/wp-json\/wp\/v2\/types\/post"}],"author":[{"embeddable":true,"href":"https:\/\/www.ecletismomusical.pt\/en\/wp-json\/wp\/v2\/users\/1"}],"replies":[{"embeddable":true,"href":"https:\/\/www.ecletismomusical.pt\/en\/wp-json\/wp\/v2\/comments?post=836"}],"version-history":[{"count":0,"href":"https:\/\/www.ecletismomusical.pt\/en\/wp-json\/wp\/v2\/posts\/836\/revisions"}],"wp:attachment":[{"href":"https:\/\/www.ecletismomusical.pt\/en\/wp-json\/wp\/v2\/media?parent=836"}],"wp:term":[{"taxonomy":"category","embeddable":true,"href":"https:\/\/www.ecletismomusical.pt\/en\/wp-json\/wp\/v2\/categories?post=836"},{"taxonomy":"post_tag","embeddable":true,"href":"https:\/\/www.ecletismomusical.pt\/en\/wp-json\/wp\/v2\/tags?post=836"}],"curies":[{"name":"wp","href":"https:\/\/api.w.org\/{rel}","templated":true}]}}