{"id":8363,"date":"2025-12-14T20:16:09","date_gmt":"2025-12-14T20:16:09","guid":{"rendered":"https:\/\/www.ecletismomusical.pt\/?p=8363"},"modified":"2025-12-14T20:16:24","modified_gmt":"2025-12-14T20:16:24","slug":"new-single-j-mascis-say-it-on","status":"publish","type":"post","link":"https:\/\/www.ecletismomusical.pt\/en\/new-single-j-mascis-say-it-on\/","title":{"rendered":"[New Single] J Mascis &#8211; Say It On"},"content":{"rendered":"<p>\u201c<strong>Say It On<\/strong>\u201d \u00e9 o mais recente single de <strong><a href=\"https:\/\/www.instagram.com\/jmascis\/\">J Mascis<\/a><\/strong> atrav\u00e9s da <strong>Sub Pop Records<\/strong>. Gravada originalmente durante as sess\u00f5es de 2017 para o \u00e1lbum <em>Elastic Days<\/em>, esta faixa apareceu apenas como lado B japon\u00eas do \u00e1lbum e numa compila\u00e7\u00e3o de apoio a causas sociais em 2025, antes de ganhar hoje uma vida pr\u00f3pria no cat\u00e1logo digital mundial. A capa desta edi\u00e7\u00e3o apresenta uma obra criada pelo filho de Mascis, Rory, conferindo \u00e0 m\u00fasica uma dimens\u00e3o \u00edntima e familiar que espelha uma certa continuidade emocional no trabalho do artista.<\/p>\n\n\n\n<div class=\"wp-block-embed__wrapper\">\n<iframe width=\"900\" height=\"506\" src=\"https:\/\/www.youtube.com\/embed\/BDj-l8SzidY?feature=oembed\" frameborder=\"0\" allowfullscreen><\/iframe>\n<\/div>\n\n\n\n<p>Para quem conhece bem J Mascis, tanto pelo seu papel como frontman dos influentes <strong>Dinosaur Jr.<\/strong> como pelas suas incurs\u00f5es a solo, <em>Say It On<\/em> ecoa a sua est\u00e9tica mais contida e reflexiva e sublinha a for\u00e7a de uma carreira que continua a dialogar com ouvintes novos e antigos, sempre com um p\u00e9 na tradi\u00e7\u00e3o do indie folk-rock e outro na crueza expressiva que o caracteriza desde os seus primeiros dias nos anos 80 e 90.<\/p>\n\n\n\n<div class=\"wp-block-embed__wrapper\">\n<iframe style=\"border-radius: 12px\" width=\"100%\" height=\"152\" frameborder=\"0\" allowfullscreen src=\"https:\/\/open.spotify.com\/embed\/track\/1yGbUOtTbx4YZGuTX2HIyn?si=6e551be9987445ba&amp;utm_source=oembed\"><\/iframe>\n<\/div>","protected":false},"excerpt":{"rendered":"<p>\u201cSay It On\u201d \u00e9 o mais recente single de J Mascis atrav\u00e9s da Sub Pop Records. Gravada originalmente durante as sess\u00f5es de 2017 para o \u00e1lbum Elastic Days, esta faixa apareceu apenas como lado B japon\u00eas do \u00e1lbum e numa compila\u00e7\u00e3o de apoio a causas sociais em 2025, antes de ganhar hoje uma vida pr\u00f3pria<\/p>","protected":false},"author":1,"featured_media":8364,"comment_status":"open","ping_status":"open","sticky":false,"template":"","format":"standard","meta":[],"categories":[1,26],"tags":[423,87],"_links":{"self":[{"href":"https:\/\/www.ecletismomusical.pt\/en\/wp-json\/wp\/v2\/posts\/8363"}],"collection":[{"href":"https:\/\/www.ecletismomusical.pt\/en\/wp-json\/wp\/v2\/posts"}],"about":[{"href":"https:\/\/www.ecletismomusical.pt\/en\/wp-json\/wp\/v2\/types\/post"}],"author":[{"embeddable":true,"href":"https:\/\/www.ecletismomusical.pt\/en\/wp-json\/wp\/v2\/users\/1"}],"replies":[{"embeddable":true,"href":"https:\/\/www.ecletismomusical.pt\/en\/wp-json\/wp\/v2\/comments?post=8363"}],"version-history":[{"count":1,"href":"https:\/\/www.ecletismomusical.pt\/en\/wp-json\/wp\/v2\/posts\/8363\/revisions"}],"predecessor-version":[{"id":8365,"href":"https:\/\/www.ecletismomusical.pt\/en\/wp-json\/wp\/v2\/posts\/8363\/revisions\/8365"}],"wp:featuredmedia":[{"embeddable":true,"href":"https:\/\/www.ecletismomusical.pt\/en\/wp-json\/wp\/v2\/media\/8364"}],"wp:attachment":[{"href":"https:\/\/www.ecletismomusical.pt\/en\/wp-json\/wp\/v2\/media?parent=8363"}],"wp:term":[{"taxonomy":"category","embeddable":true,"href":"https:\/\/www.ecletismomusical.pt\/en\/wp-json\/wp\/v2\/categories?post=8363"},{"taxonomy":"post_tag","embeddable":true,"href":"https:\/\/www.ecletismomusical.pt\/en\/wp-json\/wp\/v2\/tags?post=8363"}],"curies":[{"name":"wp","href":"https:\/\/api.w.org\/{rel}","templated":true}]}}