{"id":837,"date":"2006-11-24T14:23:00","date_gmt":"2006-11-24T14:23:00","guid":{"rendered":"https:\/\/ecletismomusical.pt\/cristina-branco-no-ccb\/"},"modified":"2006-11-24T14:23:00","modified_gmt":"2006-11-24T14:23:00","slug":"cristina-branco-no-ccb","status":"publish","type":"post","link":"https:\/\/www.ecletismomusical.pt\/en\/cristina-branco-no-ccb\/","title":{"rendered":"Cristina Branco no CCB"},"content":{"rendered":"<div><a href=\"http:\/\/www.cristinabranco.com\/\"><img height=\"289\" src=\"http:\/\/www.downtownexpress.com\/de_148\/international.gif\" width=\"352\" \/><\/a><\/p>\n<p><em><span style=\"font-family:arial;font-size:85%\">\u00abNo espect\u00e1culo &#8220;Cristina Branco Canta Am\u00e1lia&#8221; &#8211; em cena no CCB, a 25 de Novembro &#8211; a cantora parte em busca do peso que da alma que Am\u00e1lia Rodrigues trouxe \u00e0 nossa m\u00fasica, percorrendo o repert\u00f3rio da eterna diva do fado.<br \/>O mesmo acontece no novo trabalho de Cristina Branco, intitulado &#8220;21 Gramas&#8221; (por ser esse o peso que alegadamente perdemos na exacta altura da nossa morte). Para a fadista, tudo come\u00e7ou, ali\u00e1s, no dia em que o av\u00f4 lhe ofereceu um disco de Am\u00e1lia. Descobriu ent\u00e3o toda a emo\u00e7\u00e3o que o fado podia conter, na sua \u00edntima liga\u00e7\u00e3o entre a voz, a poesia e a m\u00fasica.<\/p>\n<p>Viria a definir o seu percurso com um profundo respeito pela tradi\u00e7\u00e3o, lado a lado com o desejo de inovar. A voz &#8211; uma das vozes mais puras, transparentes e emotivas do novo fado &#8211; e esse percurso &#8211; de grande projec\u00e7\u00e3o internacional &#8211; fizeram de Cristina Branco uma das melhores int\u00e9rpretes do fado triste e fatalista, mas tamb\u00e9m do fado alegre e luminoso. In Publico\u00bb<\/span><\/em><br \/><span style=\"font-family:arial;font-size:85%\"><\/span><\/div>\n<div><span style=\"font-family:arial;font-size:85%\">LOCAL<br \/>Lisboa, Centro Cultural de Bel\u00e9m &#8211; P\u00e7. Imp\u00e9rio<br \/>HORARIOS<br \/><strong>Dia 25-11-2006<br \/>S\u00e1bado \u00e0s 21h00<\/strong><br \/>PRE\u00c7O<br \/>25\u20ac (1\u00aa plateia); 27,5\u20ac (camarotes centrais); 22,5\u20ac (2\u00aa plateia); 17,5\u20ac (camarotes laterais, 1\u00ba balc\u00e3o e laterais); 12,5\u20ac (2\u00ba balc\u00e3o e balc\u00e3o lateral); 10\u20ac (galerias).<br \/>S\u00cdTIO OFICIAL<br \/><\/span><a href=\"http:\/\/www.cristinabranco.com\/\"><span style=\"font-family:arial;font-size:85%\">http:\/\/www.cristinabranco.com<\/span><\/a><\/div>\n<p>Se A Alma Te Reprova &#8211; Cristina Branco<br \/><\/p>","protected":false},"excerpt":{"rendered":"<p>\u00abNo espect\u00e1culo &#8220;Cristina Branco Canta Am\u00e1lia&#8221; &#8211; em cena no CCB, a 25 de Novembro &#8211; a cantora parte em busca do peso que da alma que Am\u00e1lia Rodrigues trouxe \u00e0 nossa m\u00fasica, percorrendo o repert\u00f3rio da eterna diva do fado.O mesmo acontece no novo trabalho de Cristina Branco, intitulado &#8220;21 Gramas&#8221; (por ser esse<\/p>","protected":false},"author":1,"featured_media":0,"comment_status":"open","ping_status":"open","sticky":false,"template":"","format":"standard","meta":[],"categories":[1],"tags":[],"_links":{"self":[{"href":"https:\/\/www.ecletismomusical.pt\/en\/wp-json\/wp\/v2\/posts\/837"}],"collection":[{"href":"https:\/\/www.ecletismomusical.pt\/en\/wp-json\/wp\/v2\/posts"}],"about":[{"href":"https:\/\/www.ecletismomusical.pt\/en\/wp-json\/wp\/v2\/types\/post"}],"author":[{"embeddable":true,"href":"https:\/\/www.ecletismomusical.pt\/en\/wp-json\/wp\/v2\/users\/1"}],"replies":[{"embeddable":true,"href":"https:\/\/www.ecletismomusical.pt\/en\/wp-json\/wp\/v2\/comments?post=837"}],"version-history":[{"count":0,"href":"https:\/\/www.ecletismomusical.pt\/en\/wp-json\/wp\/v2\/posts\/837\/revisions"}],"wp:attachment":[{"href":"https:\/\/www.ecletismomusical.pt\/en\/wp-json\/wp\/v2\/media?parent=837"}],"wp:term":[{"taxonomy":"category","embeddable":true,"href":"https:\/\/www.ecletismomusical.pt\/en\/wp-json\/wp\/v2\/categories?post=837"},{"taxonomy":"post_tag","embeddable":true,"href":"https:\/\/www.ecletismomusical.pt\/en\/wp-json\/wp\/v2\/tags?post=837"}],"curies":[{"name":"wp","href":"https:\/\/api.w.org\/{rel}","templated":true}]}}