{"id":8389,"date":"2025-12-16T14:15:48","date_gmt":"2025-12-16T14:15:48","guid":{"rendered":"https:\/\/www.ecletismomusical.pt\/?p=8389"},"modified":"2025-12-16T13:18:50","modified_gmt":"2025-12-16T13:18:50","slug":"new-single-zeca-veloso-caetano-veloso-moreno-veloso-tom-veloso-salvador","status":"publish","type":"post","link":"https:\/\/www.ecletismomusical.pt\/en\/new-single-zeca-veloso-caetano-veloso-moreno-veloso-tom-veloso-salvador\/","title":{"rendered":"[New Single] Zeca Veloso, Caetano Veloso, Moreno Veloso, Tom Veloso &#8211; Salvador"},"content":{"rendered":"<p>Entre heran\u00e7a e descoberta, tradi\u00e7\u00e3o e contemporaneidade, <strong>\u201cSalvador\u201d<\/strong> emerge como uma can\u00e7\u00e3o que simboliza a continuidade criativa e afectiva de uma das fam\u00edlias mais ic\u00f3nicas da m\u00fasica popular brasileira. Fazendo parte do \u00e1lbum de estreia a solo de <strong><a href=\"https:\/\/www.instagram.com\/zecalavigneveloso\/\">Zeca Veloso<\/a><\/strong>, <em>Boas Novas<\/em>, re\u00fane quatro vozes da mesma linhagem: Zeca, o pai <strong>Caetano Veloso<\/strong> e os irm\u00e3os <strong>Moreno<\/strong> and <strong>Tom Veloso<\/strong>, numa express\u00e3o musical onde mem\u00f3ria, identidade e espiritualidade se entrela\u00e7am. <\/p>\n\n\n\n<div class=\"wp-block-embed__wrapper\">\n<iframe width=\"900\" height=\"675\" src=\"https:\/\/www.youtube.com\/embed\/1A3lDuRgwhI?feature=oembed\" frameborder=\"0\" allowfullscreen><\/iframe>\n<\/div>\n\n\n\n<p>O contexto de <em>Boas Novas<\/em> acrescenta ainda outra camada de significado \u00e0 m\u00fasica e ao projecto de Zeca Veloso: um trabalho autoral fortemente influenciado pela sua rela\u00e7\u00e3o com a espiritualidade, vivido e sentido como uma for\u00e7a que guia a composi\u00e7\u00e3o e a performance. <\/p>\n\n\n\n<div class=\"wp-block-embed__wrapper\">\n<iframe style=\"border-radius: 12px\" width=\"100%\" height=\"152\" frameborder=\"0\" allowfullscreen src=\"https:\/\/open.spotify.com\/embed\/track\/6BDwBvj2PFLnuHrdcZkxue?si=f4b49fbbf7674477&amp;utm_source=oembed\"><\/iframe>\n<\/div>","protected":false},"excerpt":{"rendered":"<p>Entre heran\u00e7a e descoberta, tradi\u00e7\u00e3o e contemporaneidade, \u201cSalvador\u201d emerge como uma can\u00e7\u00e3o que simboliza a continuidade criativa e afectiva de uma das fam\u00edlias mais ic\u00f3nicas da m\u00fasica popular brasileira. Fazendo parte do \u00e1lbum de estreia a solo de Zeca Veloso, Boas Novas, re\u00fane quatro vozes da mesma linhagem: Zeca, o pai Caetano Veloso e os<\/p>","protected":false},"author":1,"featured_media":8390,"comment_status":"open","ping_status":"open","sticky":false,"template":"","format":"standard","meta":[],"categories":[22,1,529,26],"tags":[1469,1470,85,87,1471,1402],"_links":{"self":[{"href":"https:\/\/www.ecletismomusical.pt\/en\/wp-json\/wp\/v2\/posts\/8389"}],"collection":[{"href":"https:\/\/www.ecletismomusical.pt\/en\/wp-json\/wp\/v2\/posts"}],"about":[{"href":"https:\/\/www.ecletismomusical.pt\/en\/wp-json\/wp\/v2\/types\/post"}],"author":[{"embeddable":true,"href":"https:\/\/www.ecletismomusical.pt\/en\/wp-json\/wp\/v2\/users\/1"}],"replies":[{"embeddable":true,"href":"https:\/\/www.ecletismomusical.pt\/en\/wp-json\/wp\/v2\/comments?post=8389"}],"version-history":[{"count":1,"href":"https:\/\/www.ecletismomusical.pt\/en\/wp-json\/wp\/v2\/posts\/8389\/revisions"}],"predecessor-version":[{"id":8391,"href":"https:\/\/www.ecletismomusical.pt\/en\/wp-json\/wp\/v2\/posts\/8389\/revisions\/8391"}],"wp:featuredmedia":[{"embeddable":true,"href":"https:\/\/www.ecletismomusical.pt\/en\/wp-json\/wp\/v2\/media\/8390"}],"wp:attachment":[{"href":"https:\/\/www.ecletismomusical.pt\/en\/wp-json\/wp\/v2\/media?parent=8389"}],"wp:term":[{"taxonomy":"category","embeddable":true,"href":"https:\/\/www.ecletismomusical.pt\/en\/wp-json\/wp\/v2\/categories?post=8389"},{"taxonomy":"post_tag","embeddable":true,"href":"https:\/\/www.ecletismomusical.pt\/en\/wp-json\/wp\/v2\/tags?post=8389"}],"curies":[{"name":"wp","href":"https:\/\/api.w.org\/{rel}","templated":true}]}}