{"id":839,"date":"2006-11-15T01:39:00","date_gmt":"2006-11-15T01:39:00","guid":{"rendered":"https:\/\/ecletismomusical.pt\/o-regresso-em-grande-de-sergio-godinho\/"},"modified":"2006-11-15T01:39:00","modified_gmt":"2006-11-15T01:39:00","slug":"o-regresso-em-grande-de-sergio-godinho","status":"publish","type":"post","link":"https:\/\/www.ecletismomusical.pt\/en\/o-regresso-em-grande-de-sergio-godinho\/","title":{"rendered":"O regresso em grande de S\u00e9rgio Godinho"},"content":{"rendered":"<div><a href=\"http:\/\/www.sergiogodinho.com\/\"><img src=\"http:\/\/www.bodyspace.net\/imgs\/capas\/1162557037sergio_godinho_-_ligacao_directa.jpg\" \/><\/a><br \/><span style=\"font-family:arial\"><a href=\"http:\/\/www.sergiogodinho.com\/\">Liga\u00e7\u00e3o Directa<\/a> &#8211; S\u00e9rgio Godinho<br \/><img src=\"http:\/\/images-eu.amazon.com\/images\/G\/02\/detail\/stars-5-0.gif\" \/><\/p>\n<p>\u00c9 o mais recente \u00e1lbum de originais de <strong>S\u00e9rgio Godinho<\/strong>. Editado no final do m\u00eas passado, p\u00f4s termo a um interregno de 6 anos desde <strong>\u00abLupa\u00bb<\/strong>, o seu \u00faltimo \u00e1lbum de originais.<\/p>\n<p><strong>\u00abLiga\u00e7\u00e3o Directa\u00bb<\/strong> \u00e9 composto por 10 temas, todos da autoria de <strong>S\u00e9rgio Godinho<\/strong>, com excep\u00e7\u00e3o de <strong>\u00abO big-one da verdade\u00bb<\/strong>, cuja m\u00fasica \u00e9 de <strong>H\u00e9lder Gon\u00e7alves (dos Cl\u00e3),<\/strong> e de <strong>\u00abO \u00e1s da nega\u00e7\u00e3o\u00bb<\/strong>, cuja m\u00fasica \u00e9 de <strong>Nuno Rafael<\/strong>, que \u00e9 tamb\u00e9m o respons\u00e1vel pela produ\u00e7\u00e3o e direc\u00e7\u00e3o musical do \u00e1lbum.<\/p>\n<p>Este trabalho apresenta um <strong>S\u00e9rgio Godinho<\/strong> em grande forma, quer por demonstar uma dic\u00e7\u00e3o por vezes surpreendentemente &#8220;l\u00edmpida&#8221;, quer demonstrando, mais uma vez, o seu poder criativo, atrav\u00e9s de constru\u00e7\u00f5es fr\u00e1sicas caracter\u00edsticas. Alguns dos temas ir\u00e3o ficar certamente no ouvido, nomeadamente temas como: <strong>\u00abA deusa do amor\u00bb; \u00ab\u00c0s vezes o amor\u00bb; \u00abO rei do zum-zum\u00bb e \u00abS\u00f3 neste pa\u00eds\u00bb.<\/strong><\/p>\n<p><a href=\"http:\/\/www.sergiogodinho.com\/\"><strong>\u00c0s Vezes O Amor<\/strong> <\/a>&#8211; S\u00e9rgio Godinho (Liga\u00e7\u00e3o Directa\/06)<br \/><\/span> <\/div>","protected":false},"excerpt":{"rendered":"<p>Liga\u00e7\u00e3o Directa &#8211; S\u00e9rgio Godinho \u00c9 o mais recente \u00e1lbum de originais de S\u00e9rgio Godinho. Editado no final do m\u00eas passado, p\u00f4s termo a um interregno de 6 anos desde \u00abLupa\u00bb, o seu \u00faltimo \u00e1lbum de originais. \u00abLiga\u00e7\u00e3o Directa\u00bb \u00e9 composto por 10 temas, todos da autoria de S\u00e9rgio Godinho, com excep\u00e7\u00e3o de \u00abO big-one<\/p>","protected":false},"author":1,"featured_media":0,"comment_status":"open","ping_status":"open","sticky":false,"template":"","format":"standard","meta":[],"categories":[1],"tags":[],"_links":{"self":[{"href":"https:\/\/www.ecletismomusical.pt\/en\/wp-json\/wp\/v2\/posts\/839"}],"collection":[{"href":"https:\/\/www.ecletismomusical.pt\/en\/wp-json\/wp\/v2\/posts"}],"about":[{"href":"https:\/\/www.ecletismomusical.pt\/en\/wp-json\/wp\/v2\/types\/post"}],"author":[{"embeddable":true,"href":"https:\/\/www.ecletismomusical.pt\/en\/wp-json\/wp\/v2\/users\/1"}],"replies":[{"embeddable":true,"href":"https:\/\/www.ecletismomusical.pt\/en\/wp-json\/wp\/v2\/comments?post=839"}],"version-history":[{"count":0,"href":"https:\/\/www.ecletismomusical.pt\/en\/wp-json\/wp\/v2\/posts\/839\/revisions"}],"wp:attachment":[{"href":"https:\/\/www.ecletismomusical.pt\/en\/wp-json\/wp\/v2\/media?parent=839"}],"wp:term":[{"taxonomy":"category","embeddable":true,"href":"https:\/\/www.ecletismomusical.pt\/en\/wp-json\/wp\/v2\/categories?post=839"},{"taxonomy":"post_tag","embeddable":true,"href":"https:\/\/www.ecletismomusical.pt\/en\/wp-json\/wp\/v2\/tags?post=839"}],"curies":[{"name":"wp","href":"https:\/\/api.w.org\/{rel}","templated":true}]}}