{"id":8398,"date":"2025-12-16T16:38:34","date_gmt":"2025-12-16T16:38:34","guid":{"rendered":"https:\/\/www.ecletismomusical.pt\/?p=8398"},"modified":"2025-12-16T16:38:42","modified_gmt":"2025-12-16T16:38:42","slug":"worth-listening-to-eva-paiva-ramos-7-ep","status":"publish","type":"post","link":"https:\/\/www.ecletismomusical.pt\/en\/worth-listening-to-eva-paiva-ramos-7-ep\/","title":{"rendered":"[Worth Listening to] Eva Paiva &#8211; ramos 7 EP"},"content":{"rendered":"<p><a href=\"https:\/\/www.instagram.com\/eva.paiva\/\">Eva Paiva<\/a> \u00e9 uma cantora, compositora, professora de canto e artista multidisciplinar, natural de Aveiro.<\/p>\n\n\n\n<p>Formada em Canto Jazz pela Universidade de \u00c9vora, sob orienta\u00e7\u00e3o de Joana Espadinha, no seu percurso tem feito parte de v\u00e1rios projetos musicais, enquanto vocalista, tendo passado por palcos como o 1o de Maio &#8211; Festa do Avante, o festival Bons Sons, o festival MeaJazz, o Casino do Estoril,<br>entre outros.<br><br>Em 2025 lan\u00e7a o seu primeiro EP: ramos 7. S\u00e3o cinco temas autorais que partem do org\u00e2nico-tradicional, culminando numa sonoridade moderna, entre o folk portugu\u00eas, o jazz e o pop alternativo, com a voz como ponta de lan\u00e7a.<\/p>\n\n\n\n<img width=\"700\" height=\"700\" src=\"https:\/\/www.ecletismomusical.pt\/wp-content\/uploads\/2025\/12\/capa_ramos7-1.jpg\" alt=\"\" class=\"wp-image-8400\" srcset=\"https:\/\/www.ecletismomusical.pt\/wp-content\/uploads\/2025\/12\/capa_ramos7-1.jpg 700w, https:\/\/www.ecletismomusical.pt\/wp-content\/uploads\/2025\/12\/capa_ramos7-1-300x300.jpg 300w, https:\/\/www.ecletismomusical.pt\/wp-content\/uploads\/2025\/12\/capa_ramos7-1-150x150.jpg 150w, https:\/\/www.ecletismomusical.pt\/wp-content\/uploads\/2025\/12\/capa_ramos7-1-12x12.jpg 12w\" \/>\n\n\n\n<p>Apesar da sua curta dura\u00e7\u00e3o, o EP revela m\u00faltiplas camadas emotivas e narrativas que transformam a audi\u00e7\u00e3o numa experi\u00eancia profunda de introspec\u00e7\u00e3o.<\/p>\n\n\n\n<div class=\"wp-block-embed__wrapper\">\n<iframe style=\"border-radius: 12px\" width=\"100%\" height=\"352\" frameborder=\"0\" allowfullscreen src=\"https:\/\/open.spotify.com\/embed\/album\/5jUDzqYAazrFKCmUC03tO6?si=4NK-p90DSGeFubMVQMOYWg&amp;utm_source=oembed\"><\/iframe>\n<\/div>\n\n\n\n<p>Com um apurado sentido est\u00e9tico e arranjos de grande cuidado, Eva revela-se uma artista que v\u00ea a m\u00fasica como uma viagem. Cada tema funciona como uma janela para pensamentos e imagens que se movem entre o \u00edntimo e o universal.<\/p>\n\n\n\n<p>Foto: Andr\u00e9 Cruz<\/p>","protected":false},"excerpt":{"rendered":"<p>Eva Paiva \u00e9 uma cantora, compositora, professora de canto e artista multidisciplinar, natural de Aveiro. Formada em Canto Jazz pela Universidade de \u00c9vora, sob orienta\u00e7\u00e3o de Joana Espadinha, no seu percurso tem feito parte de v\u00e1rios projetos musicais, enquanto vocalista, tendo passado por palcos como o 1o de Maio &#8211; Festa do Avante, o festival<\/p>","protected":false},"author":1,"featured_media":8399,"comment_status":"open","ping_status":"open","sticky":false,"template":"","format":"standard","meta":[],"categories":[1,1156,30],"tags":[1472,434,115],"_links":{"self":[{"href":"https:\/\/www.ecletismomusical.pt\/en\/wp-json\/wp\/v2\/posts\/8398"}],"collection":[{"href":"https:\/\/www.ecletismomusical.pt\/en\/wp-json\/wp\/v2\/posts"}],"about":[{"href":"https:\/\/www.ecletismomusical.pt\/en\/wp-json\/wp\/v2\/types\/post"}],"author":[{"embeddable":true,"href":"https:\/\/www.ecletismomusical.pt\/en\/wp-json\/wp\/v2\/users\/1"}],"replies":[{"embeddable":true,"href":"https:\/\/www.ecletismomusical.pt\/en\/wp-json\/wp\/v2\/comments?post=8398"}],"version-history":[{"count":2,"href":"https:\/\/www.ecletismomusical.pt\/en\/wp-json\/wp\/v2\/posts\/8398\/revisions"}],"predecessor-version":[{"id":8402,"href":"https:\/\/www.ecletismomusical.pt\/en\/wp-json\/wp\/v2\/posts\/8398\/revisions\/8402"}],"wp:featuredmedia":[{"embeddable":true,"href":"https:\/\/www.ecletismomusical.pt\/en\/wp-json\/wp\/v2\/media\/8399"}],"wp:attachment":[{"href":"https:\/\/www.ecletismomusical.pt\/en\/wp-json\/wp\/v2\/media?parent=8398"}],"wp:term":[{"taxonomy":"category","embeddable":true,"href":"https:\/\/www.ecletismomusical.pt\/en\/wp-json\/wp\/v2\/categories?post=8398"},{"taxonomy":"post_tag","embeddable":true,"href":"https:\/\/www.ecletismomusical.pt\/en\/wp-json\/wp\/v2\/tags?post=8398"}],"curies":[{"name":"wp","href":"https:\/\/api.w.org\/{rel}","templated":true}]}}