{"id":8405,"date":"2025-12-17T10:14:38","date_gmt":"2025-12-17T10:14:38","guid":{"rendered":"https:\/\/www.ecletismomusical.pt\/?p=8405"},"modified":"2025-12-17T10:15:16","modified_gmt":"2025-12-17T10:15:16","slug":"worth-listening-to-elida-almeida-nka-ta-pasa-ft-freirianas-guerreiras","status":"publish","type":"post","link":"https:\/\/www.ecletismomusical.pt\/en\/worth-listening-to-elida-almeida-nka-ta-pasa-ft-freirianas-guerreiras\/","title":{"rendered":"[Worth Listening to] Elida Almeida &#8211; Nka Ta Pasa ft. Freirianas Guerreiras"},"content":{"rendered":"<p><em>Nka Ta Pasa\u201d<\/em> \u00e9 o novo single de <strong><a href=\"https:\/\/www.instagram.com\/elidaalmeida.cv\/\">Elida Almeida<\/a><\/strong> em colabora\u00e7\u00e3o com as <strong><a href=\"https:\/\/www.instagram.com\/freirianas_guerreiras_official\/\">Freirianas Guerreiras<\/a><\/strong> e representa uma celebra\u00e7\u00e3o da tradi\u00e7\u00e3o e da resist\u00eancia cultural cabo-verdiana atrav\u00e9s do batuco, um dos ritmos mais emblem\u00e1ticos e ancestrais de Cabo Verde. <\/p>\n\n\n\n<div class=\"wp-block-embed__wrapper\">\n<iframe width=\"900\" height=\"506\" src=\"https:\/\/www.youtube.com\/embed\/oRMDARciFzk?feature=oembed\" frameborder=\"0\" allowfullscreen><\/iframe>\n<\/div>\n\n\n\n<p>A faixa junta a voz marcante de Elida \u00e0 energia e \u00e0 for\u00e7a interpretativa das Freirianas Guerreiras, batucadeiras que representam uma express\u00e3o colectiva e comunit\u00e1ria do batuco, conferindo ao tema uma profundidade que vai al\u00e9m da pura melodia.<\/p>\n\n\n\n<div class=\"wp-block-embed__wrapper\">\n<iframe style=\"border-radius: 12px\" width=\"100%\" height=\"152\" frameborder=\"0\" allowfullscreen src=\"https:\/\/open.spotify.com\/embed\/track\/3lkv2jyKahr7ZQpxSHVGil?si=2777e12102ea488c&amp;utm_source=oembed\"><\/iframe>\n<\/div>","protected":false},"excerpt":{"rendered":"<p>Nka Ta Pasa\u201d \u00e9 o novo single de Elida Almeida em colabora\u00e7\u00e3o com as Freirianas Guerreiras e representa uma celebra\u00e7\u00e3o da tradi\u00e7\u00e3o e da resist\u00eancia cultural cabo-verdiana atrav\u00e9s do batuco, um dos ritmos mais emblem\u00e1ticos e ancestrais de Cabo Verde. A faixa junta a voz marcante de Elida \u00e0 energia e \u00e0 for\u00e7a interpretativa das<\/p>","protected":false},"author":1,"featured_media":8406,"comment_status":"open","ping_status":"open","sticky":false,"template":"","format":"standard","meta":[],"categories":[1,26,30],"tags":[1473,1474,87,115],"_links":{"self":[{"href":"https:\/\/www.ecletismomusical.pt\/en\/wp-json\/wp\/v2\/posts\/8405"}],"collection":[{"href":"https:\/\/www.ecletismomusical.pt\/en\/wp-json\/wp\/v2\/posts"}],"about":[{"href":"https:\/\/www.ecletismomusical.pt\/en\/wp-json\/wp\/v2\/types\/post"}],"author":[{"embeddable":true,"href":"https:\/\/www.ecletismomusical.pt\/en\/wp-json\/wp\/v2\/users\/1"}],"replies":[{"embeddable":true,"href":"https:\/\/www.ecletismomusical.pt\/en\/wp-json\/wp\/v2\/comments?post=8405"}],"version-history":[{"count":1,"href":"https:\/\/www.ecletismomusical.pt\/en\/wp-json\/wp\/v2\/posts\/8405\/revisions"}],"predecessor-version":[{"id":8407,"href":"https:\/\/www.ecletismomusical.pt\/en\/wp-json\/wp\/v2\/posts\/8405\/revisions\/8407"}],"wp:featuredmedia":[{"embeddable":true,"href":"https:\/\/www.ecletismomusical.pt\/en\/wp-json\/wp\/v2\/media\/8406"}],"wp:attachment":[{"href":"https:\/\/www.ecletismomusical.pt\/en\/wp-json\/wp\/v2\/media?parent=8405"}],"wp:term":[{"taxonomy":"category","embeddable":true,"href":"https:\/\/www.ecletismomusical.pt\/en\/wp-json\/wp\/v2\/categories?post=8405"},{"taxonomy":"post_tag","embeddable":true,"href":"https:\/\/www.ecletismomusical.pt\/en\/wp-json\/wp\/v2\/tags?post=8405"}],"curies":[{"name":"wp","href":"https:\/\/api.w.org\/{rel}","templated":true}]}}