{"id":842,"date":"2006-10-18T15:02:00","date_gmt":"2006-10-18T15:02:00","guid":{"rendered":"https:\/\/ecletismomusical.pt\/cristina-branco-na-casa-da-musica\/"},"modified":"2006-10-18T15:02:00","modified_gmt":"2006-10-18T15:02:00","slug":"cristina-branco-na-casa-da-musica","status":"publish","type":"post","link":"https:\/\/www.ecletismomusical.pt\/en\/cristina-branco-na-casa-da-musica\/","title":{"rendered":"Cristina Branco na Casa Da M\u00fasica"},"content":{"rendered":"<div><a href=\"http:\/\/www.cristinabranco.com\/\"><img height=\"289\" src=\"http:\/\/www.downtownexpress.com\/de_148\/international.gif\" width=\"352\" \/><\/a><\/p>\n<p><span style=\"font-family:arial\"><em>\u00abCristina Branco \u00e9 uma das vozes mais puras, transparentes e emotivas do novo fado. Pod\u00edamos falar de alma ou do peso da alma no seu trabalho. Mas nada fala melhor do que a sua voz, especialmente quando o novo disco se chama &#8220;21 Gramas&#8221;. A Casa da M\u00fasica, no Porto, recebe-a no dia 19 de Outubro.<br \/>Partindo do princ\u00edpio que 21 gramas \u00e9 o peso que perdemos na exacta altura da nossa morte, Cristina parte, neste disco, em busca da alma que Am\u00e1lia Rodrigues trouxe \u00e0 nossa m\u00fasica, percorrendo o repert\u00f3rio da eterna diva do fado.<\/p>\n<p>Para Cristina Branco, tudo come\u00e7ou, ali\u00e1s, no dia em que o av\u00f4 lhe ofereceu um disco de Am\u00e1lia. Descobriu ent\u00e3o toda a emo\u00e7\u00e3o que o fado podia conter, na sua \u00edntima liga\u00e7\u00e3o entre a voz, a poesia e a m\u00fasica. Viria a definir o seu percurso com um profundo respeito pela tradi\u00e7\u00e3o, que caminha lado a lado com o desejo de inovar. Esse percurso &#8211; de grande projec\u00e7\u00e3o internacional &#8211; estabeleceu-a como uma das melhores int\u00e9rpretes<\/em> <em>do fado triste e fatalista, mas tamb\u00e9m do fado alegre e luminoso. In PUBLICO.PT\u00bb<br \/><\/em><\/span><br \/><span style=\"font-family:arial;font-size:85%\">LOCAL<br \/><strong>Porto, <a href=\"http:\/\/www.casadamusica.com\/CulturalAgenda\/Event_search.aspx?id=A9D4DB8D-A6AD-488C-B5FB-FBF35B8ADEC1&amp;evento=cristina+branco\">Casa da M\u00fasica<\/a><\/strong> <\/span><\/div>\n<div><span style=\"font-family:arial;font-size:85%\">HORARIOS<br \/><strong>Dia 19-10-2006<\/strong><br \/><\/span><span style=\"font-family:arial\"><span style=\"font-size:85%\"><strong>Quinta \u00e0s 22h00<br \/><\/strong>PRE\u00c7O<br \/><strong>10\u20ac<\/strong><\/span><\/span> (<strong><a href=\"http:\/\/www.casadamusica.com\/CulturalAgenda\/Event_search.aspx?id=A9D4DB8D-A6AD-488C-B5FB-FBF35B8ADEC1&amp;evento=cristina+branco\">COMPRAR<\/a><\/strong>)<\/div>\n<p>Se A Alma Te Reprova &#8211; Cristina Branco<br \/><\/p>","protected":false},"excerpt":{"rendered":"<p>\u00abCristina Branco \u00e9 uma das vozes mais puras, transparentes e emotivas do novo fado. Pod\u00edamos falar de alma ou do peso da alma no seu trabalho. Mas nada fala melhor do que a sua voz, especialmente quando o novo disco se chama &#8220;21 Gramas&#8221;. A Casa da M\u00fasica, no Porto, recebe-a no dia 19 de<\/p>","protected":false},"author":1,"featured_media":0,"comment_status":"open","ping_status":"open","sticky":false,"template":"","format":"standard","meta":[],"categories":[1],"tags":[],"_links":{"self":[{"href":"https:\/\/www.ecletismomusical.pt\/en\/wp-json\/wp\/v2\/posts\/842"}],"collection":[{"href":"https:\/\/www.ecletismomusical.pt\/en\/wp-json\/wp\/v2\/posts"}],"about":[{"href":"https:\/\/www.ecletismomusical.pt\/en\/wp-json\/wp\/v2\/types\/post"}],"author":[{"embeddable":true,"href":"https:\/\/www.ecletismomusical.pt\/en\/wp-json\/wp\/v2\/users\/1"}],"replies":[{"embeddable":true,"href":"https:\/\/www.ecletismomusical.pt\/en\/wp-json\/wp\/v2\/comments?post=842"}],"version-history":[{"count":0,"href":"https:\/\/www.ecletismomusical.pt\/en\/wp-json\/wp\/v2\/posts\/842\/revisions"}],"wp:attachment":[{"href":"https:\/\/www.ecletismomusical.pt\/en\/wp-json\/wp\/v2\/media?parent=842"}],"wp:term":[{"taxonomy":"category","embeddable":true,"href":"https:\/\/www.ecletismomusical.pt\/en\/wp-json\/wp\/v2\/categories?post=842"},{"taxonomy":"post_tag","embeddable":true,"href":"https:\/\/www.ecletismomusical.pt\/en\/wp-json\/wp\/v2\/tags?post=842"}],"curies":[{"name":"wp","href":"https:\/\/api.w.org\/{rel}","templated":true}]}}