{"id":844,"date":"2006-10-14T18:09:00","date_gmt":"2006-10-14T18:09:00","guid":{"rendered":"https:\/\/ecletismomusical.pt\/obrigatorio\/"},"modified":"2006-10-14T18:09:00","modified_gmt":"2006-10-14T18:09:00","slug":"obrigatorio","status":"publish","type":"post","link":"https:\/\/www.ecletismomusical.pt\/en\/obrigatorio\/","title":{"rendered":"Obrigat\u00f3rio!"},"content":{"rendered":"<div><a href=\"http:\/\/es.wikipedia.org\/wiki\/%C3%83%C2%89rase_que_se_era\"><img height=\"239\" src=\"http:\/\/www.discmedi.com\/design\/public\/images\/portades\/OJCDO0025.JPG\" width=\"247\" \/><\/a><br \/><a href=\"http:\/\/es.wikipedia.org\/wiki\/%C3%83%C2%89rase_que_se_era\"><span style=\"font-family:arial\">Erase Que Se Era<\/span><\/a><span style=\"font-family:arial\"> &#8211; <\/span><a href=\"http:\/\/eclectismomusical.blogspot.com\/2004\/09\/acima-da-polticasempre-arte.html\"><span style=\"font-family:arial\">Silvio Rodr\u00edguez <\/span><\/a><br \/><span style=\"font-family:arial\"><img src=\"http:\/\/images-eu.amazon.com\/images\/G\/02\/detail\/stars-5-0.gif\" \/><\/p>\n<p>Neste novo CD duplo, <\/span><a href=\"http:\/\/eclectismomusical.blogspot.com\/2004\/09\/acima-da-polticasempre-arte.html\"><span style=\"font-family:arial\">Silvio Rodr\u00edguez<\/span><\/a><span style=\"font-family:arial\"> resgata temas compostos no final dos anos 60 e come\u00e7o dos anos 70, isto \u00e9, anteriores \u00e0 grava\u00e7\u00e3o de seu primeiro disco, <strong>\u00abD\u00edas y Flores\u00bb.<\/strong> Muitos destes temas s\u00e3o in\u00e9ditos existindo, no entanto, alguns temas j\u00e1 apresentados ao vivo, como <strong>\u00abLa canci\u00f3n de la trova\u00bb<\/strong> ou o hist\u00f3rico <strong>\u00abFusil contra fusil\u00bb<\/strong>.<br \/><a href=\"http:\/\/www.amazon.com\/exec\/obidos\/ASIN\/B000HEZC5C\/patriagrande\">Comprar.<\/a><\/span> <\/p>\n<p><span style=\"font-family:arial\"><\/p>\n<div>Te Doy Un Cancion &#8211; Silvio Rodr\u00edguez<br \/><\/span><\/div>\n<\/div>","protected":false},"excerpt":{"rendered":"<p>Erase Que Se Era &#8211; Silvio Rodr\u00edguez Neste novo CD duplo, Silvio Rodr\u00edguez resgata temas compostos no final dos anos 60 e come\u00e7o dos anos 70, isto \u00e9, anteriores \u00e0 grava\u00e7\u00e3o de seu primeiro disco, \u00abD\u00edas y Flores\u00bb. Muitos destes temas s\u00e3o in\u00e9ditos existindo, no entanto, alguns temas j\u00e1 apresentados ao vivo, como \u00abLa canci\u00f3n<\/p>","protected":false},"author":1,"featured_media":0,"comment_status":"open","ping_status":"open","sticky":false,"template":"","format":"standard","meta":[],"categories":[1],"tags":[],"_links":{"self":[{"href":"https:\/\/www.ecletismomusical.pt\/en\/wp-json\/wp\/v2\/posts\/844"}],"collection":[{"href":"https:\/\/www.ecletismomusical.pt\/en\/wp-json\/wp\/v2\/posts"}],"about":[{"href":"https:\/\/www.ecletismomusical.pt\/en\/wp-json\/wp\/v2\/types\/post"}],"author":[{"embeddable":true,"href":"https:\/\/www.ecletismomusical.pt\/en\/wp-json\/wp\/v2\/users\/1"}],"replies":[{"embeddable":true,"href":"https:\/\/www.ecletismomusical.pt\/en\/wp-json\/wp\/v2\/comments?post=844"}],"version-history":[{"count":0,"href":"https:\/\/www.ecletismomusical.pt\/en\/wp-json\/wp\/v2\/posts\/844\/revisions"}],"wp:attachment":[{"href":"https:\/\/www.ecletismomusical.pt\/en\/wp-json\/wp\/v2\/media?parent=844"}],"wp:term":[{"taxonomy":"category","embeddable":true,"href":"https:\/\/www.ecletismomusical.pt\/en\/wp-json\/wp\/v2\/categories?post=844"},{"taxonomy":"post_tag","embeddable":true,"href":"https:\/\/www.ecletismomusical.pt\/en\/wp-json\/wp\/v2\/tags?post=844"}],"curies":[{"name":"wp","href":"https:\/\/api.w.org\/{rel}","templated":true}]}}