{"id":845,"date":"2006-10-11T13:10:00","date_gmt":"2006-10-11T13:10:00","guid":{"rendered":"https:\/\/ecletismomusical.pt\/mes-em-cheio\/"},"modified":"2006-10-11T13:10:00","modified_gmt":"2006-10-11T13:10:00","slug":"mes-em-cheio","status":"publish","type":"post","link":"https:\/\/www.ecletismomusical.pt\/en\/mes-em-cheio\/","title":{"rendered":"M\u00eas em Cheio!"},"content":{"rendered":"<div><a href=\"http:\/\/www.decemberists.com\/\"><img height=\"334\" src=\"http:\/\/ec1.images-amazon.com\/images\/P\/B000HKDEEW.01._SS500_SCLZZZZZZZ_V59841508_.jpg\" width=\"322\" \/><\/a><br \/><span style=\"font-family:arial\"><a href=\"http:\/\/www.decemberists.com\/\">The Crane Wife<\/a> &#8211; The Decemberists<br \/><img src=\"http:\/\/images-eu.amazon.com\/images\/G\/02\/detail\/stars-5-0.gif\" \/><\/p>\n<p>Depois de tr\u00eas excelentes \u00e1lbuns, <strong>\u00abCastaways and Cutouts\u00bb<\/strong> (2002), <strong>\u00abHer Majesty\u00bb<\/strong> (2003) e <strong>\u00abPicaresque\u00bb<\/strong> (2005), os <strong>The Decemberists<\/strong> s\u00e3o j\u00e1 um nome consolidado no panorama indie.<\/p>\n<p><strong>Colin Meloy<\/strong>, o mentor do projecto, \u00e9 um compositor capaz de criar deliciosas melodias pop a partir de contos e hist\u00f3rias fant\u00e1sticas, transportando o ouvinte para o mundo dos sonhos.<\/p>\n<p><strong>\u00abThe Crane Wife\u00bb<\/strong> \u00e9 mais um \u00e1lbum recheado de grandes can\u00e7\u00f5es. Respeitando a linha a que Colin nos habituou, existem ainda alguns momentos de algum experimentalismo, demonstrando a capacidade de inova\u00e7\u00e3o s\u00f3 ao alcance dos predestinados. Poucas bandas seriam capazes de lan\u00e7ar, em pouco mais de um ano, dois \u00e1lbuns memor\u00e1veis, os <strong>The Decemberists<\/strong> fizeram-no com mestria!<\/p>\n<p>Curiosamente e, diga-se, surpreendentemente, os <strong>The Decemberists<\/strong> n\u00e3o chegaram ainda ao \u00abairplay\u00bb das r\u00e1dios. Sendo que, este \u00e9 provavelmente o disco que mais facilmente os poder\u00e1 colocar nas bocas do mundo. Temas como, <strong>\u00abYankee Bayonet (I Will be Home Then)\u00bb,<\/strong> que conta com bel\u00edssima participa\u00e7\u00e3o da cantora e compositora folk, <strong>Laura Veirs<\/strong> e, particularmente, o tema <strong>\u00abSummerSong\u00bb<\/strong> cumprem os requisitos m\u00ednimos para integrar as modernas playlists radiof\u00f3nicas.<\/p>\n<p><strong>Summersong<\/strong> &#8211; The Decemberists (The Crane Wife\/06)<\/span><br \/><\/div>","protected":false},"excerpt":{"rendered":"<p>The Crane Wife &#8211; The Decemberists Depois de tr\u00eas excelentes \u00e1lbuns, \u00abCastaways and Cutouts\u00bb (2002), \u00abHer Majesty\u00bb (2003) e \u00abPicaresque\u00bb (2005), os The Decemberists s\u00e3o j\u00e1 um nome consolidado no panorama indie. Colin Meloy, o mentor do projecto, \u00e9 um compositor capaz de criar deliciosas melodias pop a partir de contos e hist\u00f3rias fant\u00e1sticas, transportando<\/p>","protected":false},"author":1,"featured_media":0,"comment_status":"open","ping_status":"open","sticky":false,"template":"","format":"standard","meta":[],"categories":[1],"tags":[],"_links":{"self":[{"href":"https:\/\/www.ecletismomusical.pt\/en\/wp-json\/wp\/v2\/posts\/845"}],"collection":[{"href":"https:\/\/www.ecletismomusical.pt\/en\/wp-json\/wp\/v2\/posts"}],"about":[{"href":"https:\/\/www.ecletismomusical.pt\/en\/wp-json\/wp\/v2\/types\/post"}],"author":[{"embeddable":true,"href":"https:\/\/www.ecletismomusical.pt\/en\/wp-json\/wp\/v2\/users\/1"}],"replies":[{"embeddable":true,"href":"https:\/\/www.ecletismomusical.pt\/en\/wp-json\/wp\/v2\/comments?post=845"}],"version-history":[{"count":0,"href":"https:\/\/www.ecletismomusical.pt\/en\/wp-json\/wp\/v2\/posts\/845\/revisions"}],"wp:attachment":[{"href":"https:\/\/www.ecletismomusical.pt\/en\/wp-json\/wp\/v2\/media?parent=845"}],"wp:term":[{"taxonomy":"category","embeddable":true,"href":"https:\/\/www.ecletismomusical.pt\/en\/wp-json\/wp\/v2\/categories?post=845"},{"taxonomy":"post_tag","embeddable":true,"href":"https:\/\/www.ecletismomusical.pt\/en\/wp-json\/wp\/v2\/tags?post=845"}],"curies":[{"name":"wp","href":"https:\/\/api.w.org\/{rel}","templated":true}]}}