{"id":8592,"date":"2026-01-17T13:00:58","date_gmt":"2026-01-17T13:00:58","guid":{"rendered":"https:\/\/www.ecletismomusical.pt\/?p=8592"},"modified":"2026-01-17T13:32:14","modified_gmt":"2026-01-17T13:32:14","slug":"new-single-dealema-feat-bezegol-o-teu-momento","status":"publish","type":"post","link":"https:\/\/www.ecletismomusical.pt\/en\/new-single-dealema-feat-bezegol-o-teu-momento\/","title":{"rendered":"[New Single] Dealema feat. Bezegol &#8211; O Teu Momento"},"content":{"rendered":"<p><strong>\u201cO Teu Momento\u201d<\/strong>, assinado pelos hist\u00f3ricos <strong><a href=\"https:\/\/www.instagram.com\/dealema96\/\">Dealema<\/a><\/strong> com a participa\u00e7\u00e3o de <strong><a href=\"https:\/\/www.instagram.com\/bezegol\/\">Bezegol<\/a><\/strong>, desponta como um manifesto de urg\u00eancia e afirma\u00e7\u00e3o pessoal, uma esp\u00e9cie de declara\u00e7\u00e3o de princ\u00edpios que atravessa barreiras geracionais. <\/p>\n\n\n\n<div class=\"wp-block-embed__wrapper\">\n<iframe width=\"900\" height=\"506\" src=\"https:\/\/www.youtube.com\/embed\/uy-3vUsQrVQ?feature=oembed\" frameborder=\"0\" allowfullscreen><\/iframe>\n<\/div>\n\n\n\n<p>A can\u00e7\u00e3o persiste numa postura de confronto com o tempo e com as escolhas: \u201cAgarrar o teu momento\u201d n\u00e3o \u00e9 aqui um clich\u00e9, mas uma convoca\u00e7\u00e3o quase ritual: um apelo \u00e0 a\u00e7\u00e3o, \u00e0 consci\u00eancia do agora como ponto de viragem, e \u00e0 responsabilidade de se afirmar em meio \u00e0s press\u00f5es, d\u00favidas e ritmos acelerados que caracterizam a vida moderna. <\/p>\n\n\n\n<div class=\"wp-block-embed__wrapper\">\n<iframe style=\"border-radius: 12px\" width=\"100%\" height=\"152\" frameborder=\"0\" allowfullscreen src=\"https:\/\/open.spotify.com\/embed\/track\/6butiaHwyWIvNLcbiNrWx8?si=0044630f52af428a&amp;utm_source=oembed\"><\/iframe>\n<\/div>","protected":false},"excerpt":{"rendered":"<p>\u201cO Teu Momento\u201d, assinado pelos hist\u00f3ricos Dealema com a participa\u00e7\u00e3o de Bezegol, desponta como um manifesto de urg\u00eancia e afirma\u00e7\u00e3o pessoal, uma esp\u00e9cie de declara\u00e7\u00e3o de princ\u00edpios que atravessa barreiras geracionais. A can\u00e7\u00e3o persiste numa postura de confronto com o tempo e com as escolhas: \u201cAgarrar o teu momento\u201d n\u00e3o \u00e9 aqui um clich\u00e9, mas<\/p>","protected":false},"author":1,"featured_media":8593,"comment_status":"open","ping_status":"open","sticky":false,"template":"","format":"standard","meta":[],"categories":[1,529,26,30],"tags":[715,1124,87],"_links":{"self":[{"href":"https:\/\/www.ecletismomusical.pt\/en\/wp-json\/wp\/v2\/posts\/8592"}],"collection":[{"href":"https:\/\/www.ecletismomusical.pt\/en\/wp-json\/wp\/v2\/posts"}],"about":[{"href":"https:\/\/www.ecletismomusical.pt\/en\/wp-json\/wp\/v2\/types\/post"}],"author":[{"embeddable":true,"href":"https:\/\/www.ecletismomusical.pt\/en\/wp-json\/wp\/v2\/users\/1"}],"replies":[{"embeddable":true,"href":"https:\/\/www.ecletismomusical.pt\/en\/wp-json\/wp\/v2\/comments?post=8592"}],"version-history":[{"count":3,"href":"https:\/\/www.ecletismomusical.pt\/en\/wp-json\/wp\/v2\/posts\/8592\/revisions"}],"predecessor-version":[{"id":8596,"href":"https:\/\/www.ecletismomusical.pt\/en\/wp-json\/wp\/v2\/posts\/8592\/revisions\/8596"}],"wp:featuredmedia":[{"embeddable":true,"href":"https:\/\/www.ecletismomusical.pt\/en\/wp-json\/wp\/v2\/media\/8593"}],"wp:attachment":[{"href":"https:\/\/www.ecletismomusical.pt\/en\/wp-json\/wp\/v2\/media?parent=8592"}],"wp:term":[{"taxonomy":"category","embeddable":true,"href":"https:\/\/www.ecletismomusical.pt\/en\/wp-json\/wp\/v2\/categories?post=8592"},{"taxonomy":"post_tag","embeddable":true,"href":"https:\/\/www.ecletismomusical.pt\/en\/wp-json\/wp\/v2\/tags?post=8592"}],"curies":[{"name":"wp","href":"https:\/\/api.w.org\/{rel}","templated":true}]}}