{"id":8600,"date":"2026-01-19T11:42:08","date_gmt":"2026-01-19T11:42:08","guid":{"rendered":"https:\/\/www.ecletismomusical.pt\/?p=8600"},"modified":"2026-01-19T11:42:15","modified_gmt":"2026-01-19T11:42:15","slug":"review-pedro-abrunhosa-inverbo","status":"publish","type":"post","link":"https:\/\/www.ecletismomusical.pt\/en\/review-pedro-abrunhosa-inverbo\/","title":{"rendered":"[Review] Pedro Abrunhosa &#8211; Inverbo"},"content":{"rendered":"<p>H\u00e1 discos que n\u00e3o se limitam a preencher espa\u00e7o no cat\u00e1logo de um artista, mas que ficar\u00e3o inevitavelmente na sua hist\u00f3ria. <em>Inverbo<\/em>, o novo \u00e1lbum de <strong><a href=\"https:\/\/www.instagram.com\/pedro.abrunhosa\/\">Pedro Abrunhosa<\/a> &amp; Comit\u00e9 Caviar<\/strong>, lan\u00e7ado a <strong>16 de janeiro de 2026<\/strong>, \u00e9 um desses momentos: uma obra que, cinco anos depois do \u00faltimo trabalho de est\u00fadio, se apresenta com um manifesto sobre a palavra, a poesia e a forma como a can\u00e7\u00e3o encontra sentido na simplicidade contida e na profundidade do sil\u00eancio.<\/p>\n\n\n\n<div class=\"wp-block-embed__wrapper\">\n<iframe width=\"900\" height=\"675\" src=\"https:\/\/www.youtube.com\/embed\/05PgKOdQqjc?list=OLAK5uy_mzvNCwwGuVfMWP1kyI2EjO34LlfembOt4\" frameborder=\"0\" allowfullscreen><\/iframe>\n<\/div>\n\n\n\n<p>Ao longo de 11 can\u00e7\u00f5es, Abrunhosa n\u00e3o procura dominar territ\u00f3rios j\u00e1 conhecidos, mas antes olhar para o \u201cavesso das can\u00e7\u00f5es\u201d. Cada faixa parece constru\u00edda como um poema cuja musicalidade decorre tanto do ritmo das palavras quanto da melodia que lhe d\u00e1 corpo.<\/p>\n\n\n\n<p>A abertura com <strong>\u201cLeva-me P\u2019ra Casa\u201d<\/strong> coloca o ouvinte num registo de afei\u00e7\u00e3o e anseio. \u00c9 uma porta que se abre para uma casa sonora onde as palavras s\u00e3o as chaves. A seguir,<strong> \u201cVem Abrir a Porta \u00e0 Noite\u201d<\/strong> conduz essa mesma urg\u00eancia para um territ\u00f3rio mais introspectivo, a noite como espa\u00e7o de revela\u00e7\u00e3o e de confronto com as pr\u00f3prias sombras.<\/p>\n\n\n\n<p>Ao longo do disco, hist\u00f3rias de rendi\u00e7\u00e3o e aus\u00eancia emergem como eixos tem\u00e1ticos. <strong>\u201cDevias Vir Salvar-me\u201d<\/strong> e \u201c<strong>\u00c9 Sempre Escuro Antes de Amanhecer\u201d<\/strong> s\u00e3o dois exemplos de can\u00e7\u00f5es que funcionam como di\u00e1logos interiores: pedidos, expectativas e d\u00favidas que se entrela\u00e7am.<\/p>\n\n\n\n<p>Em temas como <strong>\u201cGl\u00f3ria aos Vencidos por Amor\u201d<\/strong> or <strong>\u201cMorri Mil Vezes no Teu Peito\u201d<\/strong>, sente-se uma proximidade rara, como se o cantor partilhasse confid\u00eancias em vez de, apenas, constru\u00e7\u00f5es mel\u00f3dicas.<\/p>\n\n\n\n<div class=\"wp-block-embed__wrapper\">\n<iframe style=\"border-radius: 12px\" width=\"100%\" height=\"352\" frameborder=\"0\" allowfullscreen src=\"https:\/\/open.spotify.com\/embed\/album\/2Jxy2gmfq4CvJGjvB36yxh?si=XZsRIOzeRiiZIP_eKPyefw&amp;utm_source=oembed\"><\/iframe>\n<\/div>\n\n\n\n<p><strong>\u201cN\u00e3o Te Ausentes de Mim\u201d<\/strong>, tema j\u00e1 conhecido, aqui integrado no contexto do \u00e1lbum, funciona como um n\u00f3 de afecto que d\u00e1 sentido \u00e0s outras faixas \u00e9 uma lembran\u00e7a de presen\u00e7a em tempos de incerteza, um pedido que ressoa e se repete, obrigando o ouvinte a prestar aten\u00e7\u00e3o ao que fica por dizer.<\/p>\n\n\n\n<p>Outros t\u00edtulos, como <strong>\u201cOxal\u00e1 o Meu Vestido Ainda Se Lembre de Mim\u201d<\/strong> or <strong>\u201cEsta Saudade N\u00e3o Dorme\u201d<\/strong>, confirmam a capacidade de Abrunhosa para escrever em territ\u00f3rios onde a linguagem po\u00e9tica e a m\u00fasica em si se desafiam mutuamente, dando lugar a can\u00e7\u00f5es que s\u00e3o mais do que melodias: s\u00e3o observa\u00e7\u00f5es profundas sobre a mem\u00f3ria, o tempo e a aus\u00eancia.<br><br>Este \u00e9 um \u00e1lbum para ouvir com cuidado e, com o tempo necess\u00e1rio para beber as palavras, permitindo-se a entrar no universo de um dos melhores escritores de can\u00e7\u00f5es da m\u00fasica portuguesa.<\/p>","protected":false},"excerpt":{"rendered":"<p>H\u00e1 discos que n\u00e3o se limitam a preencher espa\u00e7o no cat\u00e1logo de um artista, mas que ficar\u00e3o inevitavelmente na sua hist\u00f3ria. Inverbo, o novo \u00e1lbum de Pedro Abrunhosa &amp; Comit\u00e9 Caviar, lan\u00e7ado a 16 de janeiro de 2026, \u00e9 um desses momentos: uma obra que, cinco anos depois do \u00faltimo trabalho de est\u00fadio, se apresenta<\/p>","protected":false},"author":1,"featured_media":8601,"comment_status":"open","ping_status":"open","sticky":false,"template":"","format":"standard","meta":[],"categories":[22,1,529,28],"tags":[85,542,98,99],"_links":{"self":[{"href":"https:\/\/www.ecletismomusical.pt\/en\/wp-json\/wp\/v2\/posts\/8600"}],"collection":[{"href":"https:\/\/www.ecletismomusical.pt\/en\/wp-json\/wp\/v2\/posts"}],"about":[{"href":"https:\/\/www.ecletismomusical.pt\/en\/wp-json\/wp\/v2\/types\/post"}],"author":[{"embeddable":true,"href":"https:\/\/www.ecletismomusical.pt\/en\/wp-json\/wp\/v2\/users\/1"}],"replies":[{"embeddable":true,"href":"https:\/\/www.ecletismomusical.pt\/en\/wp-json\/wp\/v2\/comments?post=8600"}],"version-history":[{"count":1,"href":"https:\/\/www.ecletismomusical.pt\/en\/wp-json\/wp\/v2\/posts\/8600\/revisions"}],"predecessor-version":[{"id":8602,"href":"https:\/\/www.ecletismomusical.pt\/en\/wp-json\/wp\/v2\/posts\/8600\/revisions\/8602"}],"wp:featuredmedia":[{"embeddable":true,"href":"https:\/\/www.ecletismomusical.pt\/en\/wp-json\/wp\/v2\/media\/8601"}],"wp:attachment":[{"href":"https:\/\/www.ecletismomusical.pt\/en\/wp-json\/wp\/v2\/media?parent=8600"}],"wp:term":[{"taxonomy":"category","embeddable":true,"href":"https:\/\/www.ecletismomusical.pt\/en\/wp-json\/wp\/v2\/categories?post=8600"},{"taxonomy":"post_tag","embeddable":true,"href":"https:\/\/www.ecletismomusical.pt\/en\/wp-json\/wp\/v2\/tags?post=8600"}],"curies":[{"name":"wp","href":"https:\/\/api.w.org\/{rel}","templated":true}]}}