{"id":8613,"date":"2026-01-21T10:33:00","date_gmt":"2026-01-21T10:33:00","guid":{"rendered":"https:\/\/www.ecletismomusical.pt\/?p=8613"},"modified":"2026-01-21T10:33:05","modified_gmt":"2026-01-21T10:33:05","slug":"new-single-james-marriott-california-rain","status":"publish","type":"post","link":"https:\/\/www.ecletismomusical.pt\/en\/new-single-james-marriott-california-rain\/","title":{"rendered":"[New Single]  James Marriott &#8211; California Rain"},"content":{"rendered":"<p>Depois do sucesso do \u00e1lbum &#8220;Don&#8217;t Tell The Dog&#8221; (2025), <strong><a href=\"https:\/\/www.instagram.com\/jamesmarriottyt\/\">James Marriott<\/a><\/strong> lan\u00e7a o single <em>\u201cCalifornia Rain\u201d<\/em>, que surge como uma das suas can\u00e7\u00f5es mais emblem\u00e1ticas at\u00e9 hoje: um tema que combina um sentido pop mel\u00f3dico com uma reflex\u00e3o honesta sobre a vida na estrada, a identidade e o anseio por casa. <\/p>\n\n\n\n<div class=\"wp-block-embed__wrapper\">\n<iframe width=\"900\" height=\"506\" src=\"https:\/\/www.youtube.com\/embed\/KgI1P-W1_s4?feature=oembed\" frameborder=\"0\" allowfullscreen><\/iframe>\n<\/div>\n\n\n\n<p>O g\u00e9nio emotivo de <em>\u201cCalifornia Rain\u201d<\/em> est\u00e1 precisamente nessa tens\u00e3o entre o olhar exterior de quem v\u00ea o sucesso a crescer e o olhar interior que sente falta do que ficou para tr\u00e1s. <\/p>\n\n\n\n<div class=\"wp-block-embed__wrapper\">\n<iframe style=\"border-radius: 12px\" width=\"100%\" height=\"152\" frameborder=\"0\" allowfullscreen src=\"https:\/\/open.spotify.com\/embed\/track\/0HjL890CF6dyZIW4EEdxyh?si=9fa37895278145e6&amp;utm_source=oembed\"><\/iframe>\n<\/div>","protected":false},"excerpt":{"rendered":"<p>Depois do sucesso do \u00e1lbum &#8220;Don&#8217;t Tell The Dog&#8221; (2025), James Marriott lan\u00e7a o single \u201cCalifornia Rain\u201d, que surge como uma das suas can\u00e7\u00f5es mais emblem\u00e1ticas at\u00e9 hoje: um tema que combina um sentido pop mel\u00f3dico com uma reflex\u00e3o honesta sobre a vida na estrada, a identidade e o anseio por casa. O g\u00e9nio emotivo<\/p>","protected":false},"author":1,"featured_media":8614,"comment_status":"open","ping_status":"open","sticky":false,"template":"","format":"standard","meta":[],"categories":[1,26,30],"tags":[1513,87,115],"_links":{"self":[{"href":"https:\/\/www.ecletismomusical.pt\/en\/wp-json\/wp\/v2\/posts\/8613"}],"collection":[{"href":"https:\/\/www.ecletismomusical.pt\/en\/wp-json\/wp\/v2\/posts"}],"about":[{"href":"https:\/\/www.ecletismomusical.pt\/en\/wp-json\/wp\/v2\/types\/post"}],"author":[{"embeddable":true,"href":"https:\/\/www.ecletismomusical.pt\/en\/wp-json\/wp\/v2\/users\/1"}],"replies":[{"embeddable":true,"href":"https:\/\/www.ecletismomusical.pt\/en\/wp-json\/wp\/v2\/comments?post=8613"}],"version-history":[{"count":1,"href":"https:\/\/www.ecletismomusical.pt\/en\/wp-json\/wp\/v2\/posts\/8613\/revisions"}],"predecessor-version":[{"id":8615,"href":"https:\/\/www.ecletismomusical.pt\/en\/wp-json\/wp\/v2\/posts\/8613\/revisions\/8615"}],"wp:featuredmedia":[{"embeddable":true,"href":"https:\/\/www.ecletismomusical.pt\/en\/wp-json\/wp\/v2\/media\/8614"}],"wp:attachment":[{"href":"https:\/\/www.ecletismomusical.pt\/en\/wp-json\/wp\/v2\/media?parent=8613"}],"wp:term":[{"taxonomy":"category","embeddable":true,"href":"https:\/\/www.ecletismomusical.pt\/en\/wp-json\/wp\/v2\/categories?post=8613"},{"taxonomy":"post_tag","embeddable":true,"href":"https:\/\/www.ecletismomusical.pt\/en\/wp-json\/wp\/v2\/tags?post=8613"}],"curies":[{"name":"wp","href":"https:\/\/api.w.org\/{rel}","templated":true}]}}