{"id":8618,"date":"2026-01-20T14:41:29","date_gmt":"2026-01-20T14:41:29","guid":{"rendered":"https:\/\/www.ecletismomusical.pt\/?p=8618"},"modified":"2026-01-20T14:45:15","modified_gmt":"2026-01-20T14:45:15","slug":"worth-listening-to-gilsons-narcizinho-bem-me-quer","status":"publish","type":"post","link":"https:\/\/www.ecletismomusical.pt\/en\/worth-listening-to-gilsons-narcizinho-bem-me-quer\/","title":{"rendered":"[Worth Listening to]  Gilsons, Narcizinho &#8211; Bem Me Quer"},"content":{"rendered":"<p><strong><a href=\"https:\/\/www.instagram.com\/gilsonsoficial\/\">Gilsons<\/a><\/strong> s\u00e3o um trio carioca de MPB formado por Jos\u00e9 Gil, Francisco Gil e Jo\u00e3o Gil, filhos e netos de Gilberto Gil, cuja m\u00fasica mistura samba, rap, afox\u00e9, pop e elementos electr\u00f3nicos. Lan\u00e7aram recentemente um single duplo: \u201cMinha Flor\u201d (juntamente com Caetano Veloso, Tom Veloso, Moreno Veloso) <\/p>\n\n\n\n<div class=\"wp-block-embed__wrapper\">\n<iframe width=\"900\" height=\"506\" src=\"https:\/\/www.youtube.com\/embed\/MeUSsSZM_tk?feature=oembed\" frameborder=\"0\" allowfullscreen><\/iframe>\n<\/div>\n\n\n\n<p>e \u201cBem Me Quer\u201d que serve como prel\u00fadio do segundo \u00e1lbum de est\u00fadio do trio, intitulado <em>Eu vejo luz em maior propor\u00e7\u00e3o do que eu vejo a escurid\u00e3o<\/em>, previsto para sair em fevereiro de 2026.<\/p>\n\n\n\n<div class=\"wp-block-embed__wrapper\">\n<iframe width=\"900\" height=\"506\" src=\"https:\/\/www.youtube.com\/embed\/EFHozaP1p1Y?feature=oembed\" frameborder=\"0\" allowfullscreen><\/iframe>\n<\/div>\n\n\n\n<p>\u201c<strong>Bem Me Quer<\/strong>\u201d nasce de uma <strong>parceria com Narcizinho Santos<\/strong>, cantor e compositor de Salvador reconhecido pelo seu trabalho com o grupo Olodum, com quem os Gilsons j\u00e1 colaboraram anteriormente, incluindo na interpreta\u00e7\u00e3o de \u201cV\u00e1rias Queixas\u201d, faixa que marcou a estreia da banda em 2018. A escolha de Narcizinho para essa colabora\u00e7\u00e3o representa uma ponte sonora e cultural entre as ra\u00edzes afro-brasileiras da m\u00fasica baiana e o universo criativo dos Gilsons, imprimindo \u00e0 faixa um sentido de continuidade e celebra\u00e7\u00e3o da tradi\u00e7\u00e3o que sempre esteve presente na identidade do grupo.<\/p>\n\n\n\n<div class=\"wp-block-embed__wrapper\">\n<iframe style=\"border-radius: 12px\" width=\"100%\" height=\"152\" frameborder=\"0\" allowfullscreen src=\"https:\/\/open.spotify.com\/embed\/track\/3p9kP1UGKkpmHoO8QZrbMT?si=431445bf1fc441e6&amp;utm_source=oembed\"><\/iframe>\n<\/div>","protected":false},"excerpt":{"rendered":"<p>Gilsons s\u00e3o um trio carioca de MPB formado por Jos\u00e9 Gil, Francisco Gil e Jo\u00e3o Gil, filhos e netos de Gilberto Gil, cuja m\u00fasica mistura samba, rap, afox\u00e9, pop e elementos electr\u00f3nicos. Lan\u00e7aram recentemente um single duplo: \u201cMinha Flor\u201d (juntamente com Caetano Veloso, Tom Veloso, Moreno Veloso) e \u201cBem Me Quer\u201d que serve como prel\u00fadio<\/p>","protected":false},"author":1,"featured_media":8619,"comment_status":"open","ping_status":"open","sticky":false,"template":"","format":"standard","meta":[],"categories":[1,26,30],"tags":[335,1514,87,115],"_links":{"self":[{"href":"https:\/\/www.ecletismomusical.pt\/en\/wp-json\/wp\/v2\/posts\/8618"}],"collection":[{"href":"https:\/\/www.ecletismomusical.pt\/en\/wp-json\/wp\/v2\/posts"}],"about":[{"href":"https:\/\/www.ecletismomusical.pt\/en\/wp-json\/wp\/v2\/types\/post"}],"author":[{"embeddable":true,"href":"https:\/\/www.ecletismomusical.pt\/en\/wp-json\/wp\/v2\/users\/1"}],"replies":[{"embeddable":true,"href":"https:\/\/www.ecletismomusical.pt\/en\/wp-json\/wp\/v2\/comments?post=8618"}],"version-history":[{"count":2,"href":"https:\/\/www.ecletismomusical.pt\/en\/wp-json\/wp\/v2\/posts\/8618\/revisions"}],"predecessor-version":[{"id":8621,"href":"https:\/\/www.ecletismomusical.pt\/en\/wp-json\/wp\/v2\/posts\/8618\/revisions\/8621"}],"wp:featuredmedia":[{"embeddable":true,"href":"https:\/\/www.ecletismomusical.pt\/en\/wp-json\/wp\/v2\/media\/8619"}],"wp:attachment":[{"href":"https:\/\/www.ecletismomusical.pt\/en\/wp-json\/wp\/v2\/media?parent=8618"}],"wp:term":[{"taxonomy":"category","embeddable":true,"href":"https:\/\/www.ecletismomusical.pt\/en\/wp-json\/wp\/v2\/categories?post=8618"},{"taxonomy":"post_tag","embeddable":true,"href":"https:\/\/www.ecletismomusical.pt\/en\/wp-json\/wp\/v2\/tags?post=8618"}],"curies":[{"name":"wp","href":"https:\/\/api.w.org\/{rel}","templated":true}]}}