{"id":8625,"date":"2026-01-23T19:23:00","date_gmt":"2026-01-23T19:23:00","guid":{"rendered":"https:\/\/www.ecletismomusical.pt\/?p=8625"},"modified":"2026-01-23T15:40:10","modified_gmt":"2026-01-23T15:40:10","slug":"worth-listening-to-the-boxer-rebellion-flowers-in-the-water","status":"publish","type":"post","link":"https:\/\/www.ecletismomusical.pt\/en\/worth-listening-to-the-boxer-rebellion-flowers-in-the-water\/","title":{"rendered":"[Worth Listening to] The Boxer Rebellion &#8211; Flowers In The Water"},"content":{"rendered":"<p>\u201c<strong>Flowers in the Water<\/strong>\u201d surge como um renascimento na discografia dos <a href=\"https:\/\/www.instagram.com\/theboxerrebellion\/\">The Boxer Rebellion,<\/a> a banda brit\u00e2nica que, desde os primeiros dias em Londres no in\u00edcio dos anos 2000, tem mostrado que o indie rock se cruza entre o cl\u00edmax emocional e a melancolia expansiva. Este novo single abre <em>The Second I\u2019m Asleep<\/em>, \u00e1lbum previsto para o fim de mar\u00e7o de 2026.<\/p>\n\n\n\n<div class=\"wp-block-embed__wrapper\">\n<iframe width=\"900\" height=\"506\" src=\"https:\/\/www.youtube.com\/embed\/An2IRvwTezE?feature=oembed\" frameborder=\"0\" allowfullscreen><\/iframe>\n<\/div>\n\n\n\n<p>\u00c9 uma can\u00e7\u00e3o que nos demonstra que a vida \u00e9 um espelho de contradi\u00e7\u00f5es, fragilidades e aspira\u00e7\u00f5es. Para nos lembrar que a vida \u00e9 feita de momentos que florescem e desaparecem, mas que, mesmo enquanto se desfazem, nos prendem a sentir mais profundamente.<\/p>\n\n\n\n<div class=\"wp-block-embed__wrapper\">\n<iframe style=\"border-radius: 12px\" width=\"100%\" height=\"152\" frameborder=\"0\" allowfullscreen src=\"https:\/\/open.spotify.com\/embed\/track\/50WogEBOCXkA5vEV1Es58S?si=7c92476fe59d4312&amp;utm_source=oembed\"><\/iframe>\n<\/div>","protected":false},"excerpt":{"rendered":"<p>\u201cFlowers in the Water\u201d surge como um renascimento na discografia dos The Boxer Rebellion, a banda brit\u00e2nica que, desde os primeiros dias em Londres no in\u00edcio dos anos 2000, tem mostrado que o indie rock se cruza entre o cl\u00edmax emocional e a melancolia expansiva. Este novo single abre The Second I\u2019m Asleep, \u00e1lbum previsto<\/p>","protected":false},"author":1,"featured_media":8627,"comment_status":"open","ping_status":"open","sticky":false,"template":"","format":"standard","meta":[],"categories":[1,529,26,30],"tags":[85,87,1516,115],"_links":{"self":[{"href":"https:\/\/www.ecletismomusical.pt\/en\/wp-json\/wp\/v2\/posts\/8625"}],"collection":[{"href":"https:\/\/www.ecletismomusical.pt\/en\/wp-json\/wp\/v2\/posts"}],"about":[{"href":"https:\/\/www.ecletismomusical.pt\/en\/wp-json\/wp\/v2\/types\/post"}],"author":[{"embeddable":true,"href":"https:\/\/www.ecletismomusical.pt\/en\/wp-json\/wp\/v2\/users\/1"}],"replies":[{"embeddable":true,"href":"https:\/\/www.ecletismomusical.pt\/en\/wp-json\/wp\/v2\/comments?post=8625"}],"version-history":[{"count":1,"href":"https:\/\/www.ecletismomusical.pt\/en\/wp-json\/wp\/v2\/posts\/8625\/revisions"}],"predecessor-version":[{"id":8626,"href":"https:\/\/www.ecletismomusical.pt\/en\/wp-json\/wp\/v2\/posts\/8625\/revisions\/8626"}],"wp:featuredmedia":[{"embeddable":true,"href":"https:\/\/www.ecletismomusical.pt\/en\/wp-json\/wp\/v2\/media\/8627"}],"wp:attachment":[{"href":"https:\/\/www.ecletismomusical.pt\/en\/wp-json\/wp\/v2\/media?parent=8625"}],"wp:term":[{"taxonomy":"category","embeddable":true,"href":"https:\/\/www.ecletismomusical.pt\/en\/wp-json\/wp\/v2\/categories?post=8625"},{"taxonomy":"post_tag","embeddable":true,"href":"https:\/\/www.ecletismomusical.pt\/en\/wp-json\/wp\/v2\/tags?post=8625"}],"curies":[{"name":"wp","href":"https:\/\/api.w.org\/{rel}","templated":true}]}}