{"id":8630,"date":"2026-01-21T16:11:34","date_gmt":"2026-01-21T16:11:34","guid":{"rendered":"https:\/\/www.ecletismomusical.pt\/?p=8630"},"modified":"2026-01-21T16:12:17","modified_gmt":"2026-01-21T16:12:17","slug":"new-album-jorge-cruz-fio-a-meada-ao-vivo","status":"publish","type":"post","link":"https:\/\/www.ecletismomusical.pt\/en\/new-album-jorge-cruz-fio-a-meada-ao-vivo\/","title":{"rendered":"[New Album] Jorge Cruz &#8211; Fio \u00e0 Meada (ao vivo)"},"content":{"rendered":"<p><strong>Fio \u00e0 Meada \u2013 ao vivo<\/strong> \u00e9 o novo lan\u00e7amento de <strong><a href=\"https:\/\/www.instagram.com\/jorgecruzoficialpt\/\">Jorge Cruz<\/a><\/strong>, um dos melhores escritores de can\u00e7\u00f5es da m\u00fasica portuguesa e cuja vida tem sido tecida entre a m\u00fasica tradicional portuguesa, can\u00e7\u00e3o de autor e as m\u00faltiplas formas de express\u00e3o que se estendem desde os <strong>Superego at\u00e9  aos Diabo na Cruz <\/strong>e \u00e0 sua discografia a solo. <\/p>\n\n\n\n<p>O ponto de partida para esta obra esteve numa digress\u00e3o de sete concertos de viola e voz em maio de 2025. Naquela altura, Jorge Cruz n\u00e3o procurava, de forma calculada, gravar um disco ao vivo: levava apenas a sua voz, a sua viola e a vontade de reencontrar as can\u00e7\u00f5es no contacto directo com p\u00fablicos diversos. \u00c0 medida que a estrada se estendia entre palcos e plateias de norte a sul, emergiu a percep\u00e7\u00e3o de que o repert\u00f3rio, longe de ser fragmentado, se revelava como um tecido coerente, uma esp\u00e9cie de \u201cfio narrativo\u201d que atravessava duas d\u00e9cadas de escrita e interpreta\u00e7\u00e3o, dialogando com a pr\u00f3pria tradi\u00e7\u00e3o e traject\u00f3ria pessoal do artista.<\/p>\n\n\n\n<div class=\"wp-block-embed__wrapper\">\n<iframe style=\"border-radius: 12px\" width=\"100%\" height=\"352\" frameborder=\"0\" allowfullscreen src=\"https:\/\/open.spotify.com\/embed\/album\/1hHz6yguAzFkmc2XIXYEPx?si=OSrgsQ0-T7qm8KIudOzoMQ&amp;utm_source=oembed\"><\/iframe>\n<\/div>\n\n\n\n<p>O alinhamento do \u00e1lbum n\u00e3o se limita a registar vers\u00f5es de est\u00fadio transportadas para o palco; inclui tamb\u00e9m quatro vers\u00f5es de tradicionais do cancioneiro portugu\u00eas, que exercem a fun\u00e7\u00e3o de pontos de contacto entre o repert\u00f3rio original e uma mem\u00f3ria musical mais vasta. No centro  est\u00e1 ainda um in\u00e9dito, \u201cCurva das Flores\u201d, que projeta o olhar de Jorge Cruz para o futuro, apontando j\u00e1 para o seu pr\u00f3ximo disco de originais.<\/p>\n\n\n\n<div class=\"wp-block-embed__wrapper\">\n<iframe style=\"border-radius: 12px\" width=\"100%\" height=\"152\" frameborder=\"0\" allowfullscreen src=\"https:\/\/open.spotify.com\/embed\/track\/7vxBCKlkr9PxFGLQby0jh5?si=aae5cbddbdb44b8f&amp;utm_source=oembed\"><\/iframe>\n<\/div>","protected":false},"excerpt":{"rendered":"<p>Fio \u00e0 Meada \u2013 ao vivo \u00e9 o novo lan\u00e7amento de Jorge Cruz, um dos melhores escritores de can\u00e7\u00f5es da m\u00fasica portuguesa e cuja vida tem sido tecida entre a m\u00fasica tradicional portuguesa, can\u00e7\u00e3o de autor e as m\u00faltiplas formas de express\u00e3o que se estendem desde os Superego at\u00e9 aos Diabo na Cruz e \u00e0<\/p>","protected":false},"author":1,"featured_media":8631,"comment_status":"open","ping_status":"open","sticky":false,"template":"","format":"standard","meta":[],"categories":[1],"tags":[1517,240,773,85],"_links":{"self":[{"href":"https:\/\/www.ecletismomusical.pt\/en\/wp-json\/wp\/v2\/posts\/8630"}],"collection":[{"href":"https:\/\/www.ecletismomusical.pt\/en\/wp-json\/wp\/v2\/posts"}],"about":[{"href":"https:\/\/www.ecletismomusical.pt\/en\/wp-json\/wp\/v2\/types\/post"}],"author":[{"embeddable":true,"href":"https:\/\/www.ecletismomusical.pt\/en\/wp-json\/wp\/v2\/users\/1"}],"replies":[{"embeddable":true,"href":"https:\/\/www.ecletismomusical.pt\/en\/wp-json\/wp\/v2\/comments?post=8630"}],"version-history":[{"count":1,"href":"https:\/\/www.ecletismomusical.pt\/en\/wp-json\/wp\/v2\/posts\/8630\/revisions"}],"predecessor-version":[{"id":8632,"href":"https:\/\/www.ecletismomusical.pt\/en\/wp-json\/wp\/v2\/posts\/8630\/revisions\/8632"}],"wp:featuredmedia":[{"embeddable":true,"href":"https:\/\/www.ecletismomusical.pt\/en\/wp-json\/wp\/v2\/media\/8631"}],"wp:attachment":[{"href":"https:\/\/www.ecletismomusical.pt\/en\/wp-json\/wp\/v2\/media?parent=8630"}],"wp:term":[{"taxonomy":"category","embeddable":true,"href":"https:\/\/www.ecletismomusical.pt\/en\/wp-json\/wp\/v2\/categories?post=8630"},{"taxonomy":"post_tag","embeddable":true,"href":"https:\/\/www.ecletismomusical.pt\/en\/wp-json\/wp\/v2\/tags?post=8630"}],"curies":[{"name":"wp","href":"https:\/\/api.w.org\/{rel}","templated":true}]}}