{"id":8633,"date":"2026-01-22T17:17:33","date_gmt":"2026-01-22T17:17:33","guid":{"rendered":"https:\/\/www.ecletismomusical.pt\/?p=8633"},"modified":"2026-01-22T17:17:41","modified_gmt":"2026-01-22T17:17:41","slug":"new-single-arctic-monkeys-opening-night","status":"publish","type":"post","link":"https:\/\/www.ecletismomusical.pt\/en\/new-single-arctic-monkeys-opening-night\/","title":{"rendered":"[New Single]  Arctic Monkeys \u2013 Opening Night"},"content":{"rendered":"<p>\u201cOpening Night\u201d marca o regresso dos <a href=\"https:\/\/www.instagram.com\/arcticmonkeys\/\">Arctic Monkeys<\/a> (desde do \u00e1lbum The Car de 2022) e \u00e9 o <strong>primeiro single do \u00e1lbum de benefic\u00eancia <em>HELP(2)<\/em><\/strong>, uma compila\u00e7\u00e3o solid\u00e1ria organizada pela <strong><a href=\"https:\/\/www.instagram.com\/warchildrecords\/\">War Child Records<\/a><\/strong> para apoiar a organiza\u00e7\u00e3o humanit\u00e1ria War Child, que assiste crian\u00e7as afectadas por conflitos em v\u00e1rias partes do mundo.<\/p>\n\n\n\n<div class=\"wp-block-embed__wrapper\">\n<iframe width=\"900\" height=\"506\" src=\"https:\/\/www.youtube.com\/embed\/6lkS-MCenXI?feature=oembed\" frameborder=\"0\" allowfullscreen><\/iframe>\n<\/div>\n\n\n\n<p>Musicalmente, \u201cOpening Night\u201d traduz um sentido de <strong>retorno e reflex\u00e3o<\/strong>: \u00e9 uma composi\u00e7\u00e3o que cresce de forma contida, encontrando tens\u00f5es interiores que ecoam o estilo dos Arctic Monkeys, mas com uma maturidade que se alinha com a evolu\u00e7\u00e3o que a banda tem apresentado nas \u00faltimas d\u00e9cadas. Registada nos lend\u00e1rios Abbey Road Studios sob a produ\u00e7\u00e3o de James Ford.<\/p>\n\n\n\n<div class=\"wp-block-embed__wrapper\">\n<iframe style=\"border-radius: 12px\" width=\"100%\" height=\"352\" frameborder=\"0\" allowfullscreen src=\"https:\/\/open.spotify.com\/embed\/album\/0Q6JVakLI4J5kvjX2uW38i?si=4RRyObDRTAWb2cAENL4ywQ&amp;utm_source=oembed\"><\/iframe>\n<\/div>\n\n\n\n<p>O lan\u00e7amento de \u201cOpening Night\u201d insere-se num projecto maior: o \u00e1lbum <em><strong>HELP(2)<\/strong><\/em>, que sair\u00e1 a 6 de mar\u00e7o de 2026, e re\u00fane uma constela\u00e7\u00e3o de artistas contempor\u00e2neos: de Olivia Rodrigo a Depeche Mode, de Pulp a Sampha, em torno de um prop\u00f3sito comum.<\/p>","protected":false},"excerpt":{"rendered":"<p>\u201cOpening Night\u201d marca o regresso dos Arctic Monkeys (desde do \u00e1lbum The Car de 2022) e \u00e9 o primeiro single do \u00e1lbum de benefic\u00eancia HELP(2), uma compila\u00e7\u00e3o solid\u00e1ria organizada pela War Child Records para apoiar a organiza\u00e7\u00e3o humanit\u00e1ria War Child, que assiste crian\u00e7as afectadas por conflitos em v\u00e1rias partes do mundo. Musicalmente, \u201cOpening Night\u201d traduz<\/p>","protected":false},"author":1,"featured_media":8634,"comment_status":"open","ping_status":"open","sticky":false,"template":"","format":"standard","meta":[],"categories":[1,26,263,30],"tags":[35,87,1518],"_links":{"self":[{"href":"https:\/\/www.ecletismomusical.pt\/en\/wp-json\/wp\/v2\/posts\/8633"}],"collection":[{"href":"https:\/\/www.ecletismomusical.pt\/en\/wp-json\/wp\/v2\/posts"}],"about":[{"href":"https:\/\/www.ecletismomusical.pt\/en\/wp-json\/wp\/v2\/types\/post"}],"author":[{"embeddable":true,"href":"https:\/\/www.ecletismomusical.pt\/en\/wp-json\/wp\/v2\/users\/1"}],"replies":[{"embeddable":true,"href":"https:\/\/www.ecletismomusical.pt\/en\/wp-json\/wp\/v2\/comments?post=8633"}],"version-history":[{"count":1,"href":"https:\/\/www.ecletismomusical.pt\/en\/wp-json\/wp\/v2\/posts\/8633\/revisions"}],"predecessor-version":[{"id":8635,"href":"https:\/\/www.ecletismomusical.pt\/en\/wp-json\/wp\/v2\/posts\/8633\/revisions\/8635"}],"wp:featuredmedia":[{"embeddable":true,"href":"https:\/\/www.ecletismomusical.pt\/en\/wp-json\/wp\/v2\/media\/8634"}],"wp:attachment":[{"href":"https:\/\/www.ecletismomusical.pt\/en\/wp-json\/wp\/v2\/media?parent=8633"}],"wp:term":[{"taxonomy":"category","embeddable":true,"href":"https:\/\/www.ecletismomusical.pt\/en\/wp-json\/wp\/v2\/categories?post=8633"},{"taxonomy":"post_tag","embeddable":true,"href":"https:\/\/www.ecletismomusical.pt\/en\/wp-json\/wp\/v2\/tags?post=8633"}],"curies":[{"name":"wp","href":"https:\/\/api.w.org\/{rel}","templated":true}]}}