{"id":8647,"date":"2026-01-25T10:34:00","date_gmt":"2026-01-25T10:34:00","guid":{"rendered":"https:\/\/www.ecletismomusical.pt\/?p=8647"},"modified":"2026-01-25T10:45:07","modified_gmt":"2026-01-25T10:45:07","slug":"worth-listening-to-pedro-ricardo-antonio-zambujo-sem-caminhar-eu-vou","status":"publish","type":"post","link":"https:\/\/www.ecletismomusical.pt\/en\/worth-listening-to-pedro-ricardo-antonio-zambujo-sem-caminhar-eu-vou\/","title":{"rendered":"[Worth Listening to] Pedro Ricardo, Ant\u00f3nio Zambujo &#8211; Sem Caminhar Eu Vou"},"content":{"rendered":"<p>A voz serena de <strong><a href=\"https:\/\/www.instagram.com\/antonio.zambujo\/\">Ant\u00f3nio Zambujo<\/a><\/strong>, embalada pela m\u00e3o cuidadosa do compositor e produtor <strong><a href=\"https:\/\/www.instagram.com\/pedroricardomusica\/\">Pedro Ricardo<\/a><\/strong>, d\u00e1 forma a uma can\u00e7\u00e3o que parece respirar calmamente como se fosse uma estrada marcada pelo tempo. <strong>\u201cSem Caminhar Eu Vou\u201d<\/strong> nasce na interse\u00e7\u00e3o entre a tradi\u00e7\u00e3o e a modernidade, entre a m\u00fasica popular portuguesa e os laivos da can\u00e7\u00e3o brasileira que tanto inspirou o seu autor.<\/p>\n\n\n\n<div class=\"wp-block-embed__wrapper\">\n<iframe width=\"900\" height=\"675\" src=\"https:\/\/www.youtube.com\/embed\/TM927b6AT8M?feature=oembed\" frameborder=\"0\" allowfullscreen><\/iframe>\n<\/div>\n\n\n\n<p>Pedro Ricardo, cujo percurso j\u00e1 se aventurou por territ\u00f3rios electr\u00f3nicos (DJ) e jazz\u00edsticos, escolheu agora a simplicidade de uma guitarra ac\u00fastica e a intimidade da letra em portugu\u00eas. Ao envolver Zambujo, cuja interpreta\u00e7\u00e3o \u00e9 peda\u00e7o de fado, de cante alentejano e de can\u00e7\u00e3o l\u00edrica contempor\u00e2nea, a faixa ganha uma densidade emotiva que vai al\u00e9m do mero som e entra na alma do ouvinte.<\/p>\n\n\n\n<div class=\"wp-block-embed__wrapper\">\n<iframe style=\"border-radius: 12px\" width=\"100%\" height=\"152\" frameborder=\"0\" allowfullscreen src=\"https:\/\/open.spotify.com\/embed\/track\/0lER4jH1cZi6bGpMoq9H3s?si=673cafbbaa394bfe&amp;utm_source=oembed\"><\/iframe>\n<\/div>\n\n\n\n<p>Este projeto sucede a \u201cSopram Bons Ventos\u201d e para al\u00e9m do <em>single<\/em> \u201cSem Caminhar eu Vou\u201d, foi para j\u00e1 disponibilizado um EP hom\u00f3nimo.<\/p>\n\n\n\n<p>Em fevereiro, ser\u00e1 editado o <em>single<\/em> \u201cOxal\u00e1 Cante com Tempo\u201d, por Ana Margarida Prado, seguindo-se o EP hom\u00f3nimo, no dia 06 de mar\u00e7o e o \u00e1lbum que juntar\u00e1 os dois EP&#8217;s no final de mar\u00e7o.<\/p>\n\n\n<p><iframe style=\"border-radius:12px\" src=\"https:\/\/open.spotify.com\/embed\/album\/0iB2VsqnChFs2cAfIMgM94?utm_source=generator\" width=\"100%\" height=\"352\" frameborder=\"0\" allowfullscreen=\"\"><\/iframe><\/p>","protected":false},"excerpt":{"rendered":"<p>A voz serena de Ant\u00f3nio Zambujo, embalada pela m\u00e3o cuidadosa do compositor e produtor Pedro Ricardo, d\u00e1 forma a uma can\u00e7\u00e3o que parece respirar calmamente como se fosse uma estrada marcada pelo tempo. \u201cSem Caminhar Eu Vou\u201d nasce na interse\u00e7\u00e3o entre a tradi\u00e7\u00e3o e a modernidade, entre a m\u00fasica popular portuguesa e os laivos da<\/p>","protected":false},"author":1,"featured_media":8648,"comment_status":"open","ping_status":"open","sticky":false,"template":"","format":"standard","meta":[],"categories":[1,1156,26,30],"tags":[215,434,87,1521,115],"_links":{"self":[{"href":"https:\/\/www.ecletismomusical.pt\/en\/wp-json\/wp\/v2\/posts\/8647"}],"collection":[{"href":"https:\/\/www.ecletismomusical.pt\/en\/wp-json\/wp\/v2\/posts"}],"about":[{"href":"https:\/\/www.ecletismomusical.pt\/en\/wp-json\/wp\/v2\/types\/post"}],"author":[{"embeddable":true,"href":"https:\/\/www.ecletismomusical.pt\/en\/wp-json\/wp\/v2\/users\/1"}],"replies":[{"embeddable":true,"href":"https:\/\/www.ecletismomusical.pt\/en\/wp-json\/wp\/v2\/comments?post=8647"}],"version-history":[{"count":1,"href":"https:\/\/www.ecletismomusical.pt\/en\/wp-json\/wp\/v2\/posts\/8647\/revisions"}],"predecessor-version":[{"id":8649,"href":"https:\/\/www.ecletismomusical.pt\/en\/wp-json\/wp\/v2\/posts\/8647\/revisions\/8649"}],"wp:featuredmedia":[{"embeddable":true,"href":"https:\/\/www.ecletismomusical.pt\/en\/wp-json\/wp\/v2\/media\/8648"}],"wp:attachment":[{"href":"https:\/\/www.ecletismomusical.pt\/en\/wp-json\/wp\/v2\/media?parent=8647"}],"wp:term":[{"taxonomy":"category","embeddable":true,"href":"https:\/\/www.ecletismomusical.pt\/en\/wp-json\/wp\/v2\/categories?post=8647"},{"taxonomy":"post_tag","embeddable":true,"href":"https:\/\/www.ecletismomusical.pt\/en\/wp-json\/wp\/v2\/tags?post=8647"}],"curies":[{"name":"wp","href":"https:\/\/api.w.org\/{rel}","templated":true}]}}