{"id":865,"date":"2006-07-12T23:23:00","date_gmt":"2006-07-12T23:23:00","guid":{"rendered":"https:\/\/ecletismomusical.pt\/wondergirl\/"},"modified":"2006-07-12T23:23:00","modified_gmt":"2006-07-12T23:23:00","slug":"wondergirl","status":"publish","type":"post","link":"https:\/\/www.ecletismomusical.pt\/en\/wondergirl\/","title":{"rendered":"Wondergirl"},"content":{"rendered":"<div><\/p>\n<p><span style=\"font-family:arial\">Tem apenas 11 anos, e \u00e9 concorrente num programa de talentos americano.<\/p>\n<p>Via <\/span><a href=\"http:\/\/www.futuropasado.com\/\"><span style=\"font-family:arial\">D\u00edas del futuro pasado<\/span><\/a><span style=\"font-family:arial\">.<\/p>\n<p>O que ser\u00e1 feito desta menina daqui a 10 anos?<\/span> <\/div>","protected":false},"excerpt":{"rendered":"<p>Tem apenas 11 anos, e \u00e9 concorrente num programa de talentos americano. Via D\u00edas del futuro pasado. O que ser\u00e1 feito desta menina daqui a 10 anos?<\/p>","protected":false},"author":1,"featured_media":0,"comment_status":"open","ping_status":"open","sticky":false,"template":"","format":"standard","meta":[],"categories":[1],"tags":[],"_links":{"self":[{"href":"https:\/\/www.ecletismomusical.pt\/en\/wp-json\/wp\/v2\/posts\/865"}],"collection":[{"href":"https:\/\/www.ecletismomusical.pt\/en\/wp-json\/wp\/v2\/posts"}],"about":[{"href":"https:\/\/www.ecletismomusical.pt\/en\/wp-json\/wp\/v2\/types\/post"}],"author":[{"embeddable":true,"href":"https:\/\/www.ecletismomusical.pt\/en\/wp-json\/wp\/v2\/users\/1"}],"replies":[{"embeddable":true,"href":"https:\/\/www.ecletismomusical.pt\/en\/wp-json\/wp\/v2\/comments?post=865"}],"version-history":[{"count":0,"href":"https:\/\/www.ecletismomusical.pt\/en\/wp-json\/wp\/v2\/posts\/865\/revisions"}],"wp:attachment":[{"href":"https:\/\/www.ecletismomusical.pt\/en\/wp-json\/wp\/v2\/media?parent=865"}],"wp:term":[{"taxonomy":"category","embeddable":true,"href":"https:\/\/www.ecletismomusical.pt\/en\/wp-json\/wp\/v2\/categories?post=865"},{"taxonomy":"post_tag","embeddable":true,"href":"https:\/\/www.ecletismomusical.pt\/en\/wp-json\/wp\/v2\/tags?post=865"}],"curies":[{"name":"wp","href":"https:\/\/api.w.org\/{rel}","templated":true}]}}