{"id":8668,"date":"2026-01-29T09:34:00","date_gmt":"2026-01-29T09:34:00","guid":{"rendered":"https:\/\/www.ecletismomusical.pt\/?p=8668"},"modified":"2026-01-29T10:01:20","modified_gmt":"2026-01-29T10:01:20","slug":"worth-listening-to-dead-dads-club-thats-life","status":"publish","type":"post","link":"https:\/\/www.ecletismomusical.pt\/en\/worth-listening-to-dead-dads-club-thats-life\/","title":{"rendered":"[Worth Listening to]  Dead Dads Club &#8211; That&#8217;s Life"},"content":{"rendered":"<p><strong><a href=\"https:\/\/www.instagram.com\/deaddadsclub\/\">Os Dead Dads Club<\/a><\/strong> s\u00e3o uma banda brit\u00e2nica liderada por<strong> Chilli Jesson<\/strong> (ex-vocalista dos <strong>Palma Violets<\/strong> e figura proeminente no indie rock do Reino Unido) e o seu trabalho mais recente transforma experi\u00eancias pessoais, especialmente em torno da perda do pai durante a adolesc\u00eancia, em m\u00fasica carregada de sentimento.<\/p>\n\n\n\n<div class=\"wp-block-embed__wrapper\">\n<iframe width=\"900\" height=\"506\" src=\"https:\/\/www.youtube.com\/embed\/e2zR5eWAFxc?feature=oembed\" frameborder=\"0\" allowfullscreen><\/iframe>\n<\/div>\n\n\n\n<p>\u201cThat\u2019s Life\u201d faz parte do \u00e1lbum de estreia e explora temas de aceita\u00e7\u00e3o, caos quotidiano e sobreviv\u00eancia emocional, tocando nas experi\u00eancias e nas reflex\u00f5es de Jesson sobre a vida e o luto tendo sido produzida por Carlos O\u2019Connell (da banda Fontaines D.C.).<\/p>\n\n\n\n<div class=\"wp-block-embed__wrapper\">\n<iframe style=\"border-radius: 12px\" width=\"100%\" height=\"352\" frameborder=\"0\" allowfullscreen src=\"https:\/\/open.spotify.com\/embed\/album\/3YxUdPXdzjGMlQvOIWBJ5z?si=k8jtWlomT0qROUxTISyZrQ&amp;utm_source=oembed\"><\/iframe>\n<\/div>","protected":false},"excerpt":{"rendered":"<p>Os Dead Dads Club s\u00e3o uma banda brit\u00e2nica liderada por Chilli Jesson (ex-vocalista dos Palma Violets e figura proeminente no indie rock do Reino Unido) e o seu trabalho mais recente transforma experi\u00eancias pessoais, especialmente em torno da perda do pai durante a adolesc\u00eancia, em m\u00fasica carregada de sentimento. \u201cThat\u2019s Life\u201d faz parte do \u00e1lbum<\/p>","protected":false},"author":1,"featured_media":8669,"comment_status":"open","ping_status":"open","sticky":false,"template":"","format":"standard","meta":[],"categories":[1,529,26,30],"tags":[1527,85,87,1528,115],"_links":{"self":[{"href":"https:\/\/www.ecletismomusical.pt\/en\/wp-json\/wp\/v2\/posts\/8668"}],"collection":[{"href":"https:\/\/www.ecletismomusical.pt\/en\/wp-json\/wp\/v2\/posts"}],"about":[{"href":"https:\/\/www.ecletismomusical.pt\/en\/wp-json\/wp\/v2\/types\/post"}],"author":[{"embeddable":true,"href":"https:\/\/www.ecletismomusical.pt\/en\/wp-json\/wp\/v2\/users\/1"}],"replies":[{"embeddable":true,"href":"https:\/\/www.ecletismomusical.pt\/en\/wp-json\/wp\/v2\/comments?post=8668"}],"version-history":[{"count":1,"href":"https:\/\/www.ecletismomusical.pt\/en\/wp-json\/wp\/v2\/posts\/8668\/revisions"}],"predecessor-version":[{"id":8670,"href":"https:\/\/www.ecletismomusical.pt\/en\/wp-json\/wp\/v2\/posts\/8668\/revisions\/8670"}],"wp:featuredmedia":[{"embeddable":true,"href":"https:\/\/www.ecletismomusical.pt\/en\/wp-json\/wp\/v2\/media\/8669"}],"wp:attachment":[{"href":"https:\/\/www.ecletismomusical.pt\/en\/wp-json\/wp\/v2\/media?parent=8668"}],"wp:term":[{"taxonomy":"category","embeddable":true,"href":"https:\/\/www.ecletismomusical.pt\/en\/wp-json\/wp\/v2\/categories?post=8668"},{"taxonomy":"post_tag","embeddable":true,"href":"https:\/\/www.ecletismomusical.pt\/en\/wp-json\/wp\/v2\/tags?post=8668"}],"curies":[{"name":"wp","href":"https:\/\/api.w.org\/{rel}","templated":true}]}}