{"id":8691,"date":"2026-01-30T19:20:00","date_gmt":"2026-01-30T19:20:00","guid":{"rendered":"https:\/\/www.ecletismomusical.pt\/?p=8691"},"modified":"2026-01-30T19:34:37","modified_gmt":"2026-01-30T19:34:37","slug":"worth-listening-to-valter-rolo-as-voltas","status":"publish","type":"post","link":"https:\/\/www.ecletismomusical.pt\/en\/worth-listening-to-valter-rolo-as-voltas\/","title":{"rendered":"[Worth Listening to] Valter Rolo &#8211; \u00c0s Voltas"},"content":{"rendered":"<p>Em <em>\u00c0s Voltas<\/em>, <a href=\"https:\/\/www.instagram.com\/p\/DT3NcqeAEXF\/\">Valter Rolo<\/a> oferece-nos um retrato \u00edntimo da condi\u00e7\u00e3o humana, um espelho onde o cora\u00e7\u00e3o e a mente se cruzam em c\u00edrculos. Esta can\u00e7\u00e3o, primeira amostra do seu novo projeto <em>O Som da Palavra vol.1,<\/em> representa um caminho art\u00edstico que procura ouvir o sil\u00eancio.<\/p>\n\n\n\n<div class=\"wp-block-embed__wrapper\">\n<iframe width=\"900\" height=\"506\" src=\"https:\/\/www.youtube.com\/embed\/8Yenf8m3Zr4?feature=oembed\" frameborder=\"0\" allowfullscreen><\/iframe>\n<\/div>\n\n\n\n<p>O que distingue <em>\u00c0s Voltas<\/em> n\u00e3o \u00e9 apenas a sua beleza formal, mas a forma como a m\u00fasica e a palavra se entrela\u00e7am num di\u00e1logo profundo. As palavras, escritas por <strong>Fernando Gomes dos Santos<\/strong>, levam-nos pelas inquieta\u00e7\u00f5es que todos sentimos quando a raz\u00e3o e o desejo parecem puxar-nos em dire\u00e7\u00f5es opostas. A interpreta\u00e7\u00e3o de <strong><a href=\"https:\/\/www.instagram.com\/beatriznunesmusic\/\">Beatriz Nunes<\/a><\/strong>, voz que encarna este poema sonoro, confere-lhe uma especial sensibilidade e uma verdade quase palp\u00e1vel.<\/p>\n\n\n\n<div class=\"wp-block-embed__wrapper\">\n<iframe style=\"border-radius: 12px\" width=\"100%\" height=\"152\" frameborder=\"0\" allowfullscreen src=\"https:\/\/open.spotify.com\/embed\/track\/4O86qCAqz50OFCOiUOM7iw?si=ed1f69877f0647dd&amp;utm_source=oembed\"><\/iframe>\n<\/div>","protected":false},"excerpt":{"rendered":"<p>Em \u00c0s Voltas, Valter Rolo oferece-nos um retrato \u00edntimo da condi\u00e7\u00e3o humana, um espelho onde o cora\u00e7\u00e3o e a mente se cruzam em c\u00edrculos. Esta can\u00e7\u00e3o, primeira amostra do seu novo projeto O Som da Palavra vol.1, representa um caminho art\u00edstico que procura ouvir o sil\u00eancio. O que distingue \u00c0s Voltas n\u00e3o \u00e9 apenas a<\/p>","protected":false},"author":1,"featured_media":8692,"comment_status":"open","ping_status":"open","sticky":false,"template":"","format":"standard","meta":[],"categories":[1,26,30],"tags":[1537,87,1536,115],"_links":{"self":[{"href":"https:\/\/www.ecletismomusical.pt\/en\/wp-json\/wp\/v2\/posts\/8691"}],"collection":[{"href":"https:\/\/www.ecletismomusical.pt\/en\/wp-json\/wp\/v2\/posts"}],"about":[{"href":"https:\/\/www.ecletismomusical.pt\/en\/wp-json\/wp\/v2\/types\/post"}],"author":[{"embeddable":true,"href":"https:\/\/www.ecletismomusical.pt\/en\/wp-json\/wp\/v2\/users\/1"}],"replies":[{"embeddable":true,"href":"https:\/\/www.ecletismomusical.pt\/en\/wp-json\/wp\/v2\/comments?post=8691"}],"version-history":[{"count":2,"href":"https:\/\/www.ecletismomusical.pt\/en\/wp-json\/wp\/v2\/posts\/8691\/revisions"}],"predecessor-version":[{"id":8694,"href":"https:\/\/www.ecletismomusical.pt\/en\/wp-json\/wp\/v2\/posts\/8691\/revisions\/8694"}],"wp:featuredmedia":[{"embeddable":true,"href":"https:\/\/www.ecletismomusical.pt\/en\/wp-json\/wp\/v2\/media\/8692"}],"wp:attachment":[{"href":"https:\/\/www.ecletismomusical.pt\/en\/wp-json\/wp\/v2\/media?parent=8691"}],"wp:term":[{"taxonomy":"category","embeddable":true,"href":"https:\/\/www.ecletismomusical.pt\/en\/wp-json\/wp\/v2\/categories?post=8691"},{"taxonomy":"post_tag","embeddable":true,"href":"https:\/\/www.ecletismomusical.pt\/en\/wp-json\/wp\/v2\/tags?post=8691"}],"curies":[{"name":"wp","href":"https:\/\/api.w.org\/{rel}","templated":true}]}}