{"id":871,"date":"2006-06-24T00:39:00","date_gmt":"2006-06-24T00:39:00","guid":{"rendered":"https:\/\/ecletismomusical.pt\/fmm-2006\/"},"modified":"2006-06-24T00:39:00","modified_gmt":"2006-06-24T00:39:00","slug":"fmm-2006","status":"publish","type":"post","link":"https:\/\/www.ecletismomusical.pt\/en\/fmm-2006\/","title":{"rendered":"FMM 2006"},"content":{"rendered":"<div><a href=\"http:\/\/www.fmm.com.pt\/\"><img height=\"341\" src=\"http:\/\/photos1.blogger.com\/blogger\/5081\/1116\/1600\/Cartaz.jpg\" width=\"355\" \/><\/a><\/p>\n<p><span style=\"font-family:arial\">\u00abA grande festa das m\u00fasicas do mundo em Portugal volta a acontecer, em Julho, no concelho de Sines. O programa de concertos est\u00e1 este ano concentrado entre os dias 21 e 29 de Julho. De 21 a 25 h\u00e1 m\u00fasica todos os dias no palco refor\u00e7ado de Porto Covo, e entre 26 e 29 decorre o programa musical intensivo na cidade, com concertos na Avenida da Praia e no Castelo. As iniciativas paralelas, maioritariamente realizadas no novo Centro de Artes, come\u00e7am j\u00e1 dia 1 de Julho.\u00bb<\/span><\/div>\n<div><span style=\"font-family:arial\">Mais um cartaz de luxo: Tony Allen, Toumani Diabat\u00e9, Boris Kovac, Alamaailman Vasarat, Rabih Abou-Khalil, Gaiteiros de Lisboa, The Bad Plus&#8230;<\/p>\n<p>Mais Informa\u00e7\u00f5es: <a href=\"http:\/\/www.fmm.com.pt\/\">site oficial<\/a>.<\/div>\n<p><\/span><\/p>","protected":false},"excerpt":{"rendered":"<p>\u00abA grande festa das m\u00fasicas do mundo em Portugal volta a acontecer, em Julho, no concelho de Sines. O programa de concertos est\u00e1 este ano concentrado entre os dias 21 e 29 de Julho. De 21 a 25 h\u00e1 m\u00fasica todos os dias no palco refor\u00e7ado de Porto Covo, e entre 26 e 29 decorre<\/p>","protected":false},"author":1,"featured_media":0,"comment_status":"open","ping_status":"open","sticky":false,"template":"","format":"standard","meta":[],"categories":[1],"tags":[],"_links":{"self":[{"href":"https:\/\/www.ecletismomusical.pt\/en\/wp-json\/wp\/v2\/posts\/871"}],"collection":[{"href":"https:\/\/www.ecletismomusical.pt\/en\/wp-json\/wp\/v2\/posts"}],"about":[{"href":"https:\/\/www.ecletismomusical.pt\/en\/wp-json\/wp\/v2\/types\/post"}],"author":[{"embeddable":true,"href":"https:\/\/www.ecletismomusical.pt\/en\/wp-json\/wp\/v2\/users\/1"}],"replies":[{"embeddable":true,"href":"https:\/\/www.ecletismomusical.pt\/en\/wp-json\/wp\/v2\/comments?post=871"}],"version-history":[{"count":0,"href":"https:\/\/www.ecletismomusical.pt\/en\/wp-json\/wp\/v2\/posts\/871\/revisions"}],"wp:attachment":[{"href":"https:\/\/www.ecletismomusical.pt\/en\/wp-json\/wp\/v2\/media?parent=871"}],"wp:term":[{"taxonomy":"category","embeddable":true,"href":"https:\/\/www.ecletismomusical.pt\/en\/wp-json\/wp\/v2\/categories?post=871"},{"taxonomy":"post_tag","embeddable":true,"href":"https:\/\/www.ecletismomusical.pt\/en\/wp-json\/wp\/v2\/tags?post=871"}],"curies":[{"name":"wp","href":"https:\/\/api.w.org\/{rel}","templated":true}]}}