{"id":875,"date":"2006-06-14T17:36:00","date_gmt":"2006-06-14T17:36:00","guid":{"rendered":"https:\/\/ecletismomusical.pt\/rock-na-praia-06\/"},"modified":"2006-06-14T17:36:00","modified_gmt":"2006-06-14T17:36:00","slug":"rock-na-praia-06","status":"publish","type":"post","link":"https:\/\/www.ecletismomusical.pt\/en\/rock-na-praia-06\/","title":{"rendered":"Rock na Praia 06"},"content":{"rendered":"<div><a href=\"http:\/\/www.rocknapraia.com\/\"><img src=\"http:\/\/www.rocknapraia.com\/outdoor\/rocknapraia06_2.jpg\" \/><\/a><\/p>\n<p><span style=\"font-family:arial\"><strong>Inscri\u00e7\u00f5es abertas para o Rock na Praia 06<\/strong><br \/>O <strong>Festival Rock na Praia<\/strong> \u00e9 um concurso de m\u00fasica moderna destinado a bandas de garagem, com o intuito de as divulgar, apoiando assim a m\u00fasica nacional.<br \/>Est\u00e3o abertas as inscri\u00e7\u00f5es para o concurso que se realizar\u00e1 na <strong>praia de Ap\u00falia, Esposende<\/strong> no dia <strong>12 de Agosto<\/strong>. Para efectuar a inscri\u00e7\u00e3o as bandas dever\u00e3o consultar o site oficial.<\/span> <\/div>\n<div><a href=\"mailto:info@rocknapraia.com\">info@rocknapraia.com<\/a><br \/><a href=\"http:\/\/www.rocknapraia.com\/\">http:\/\/www.rocknapraia.com\/<\/a><\/div>","protected":false},"excerpt":{"rendered":"<p>Inscri\u00e7\u00f5es abertas para o Rock na Praia 06O Festival Rock na Praia \u00e9 um concurso de m\u00fasica moderna destinado a bandas de garagem, com o intuito de as divulgar, apoiando assim a m\u00fasica nacional.Est\u00e3o abertas as inscri\u00e7\u00f5es para o concurso que se realizar\u00e1 na praia de Ap\u00falia, Esposende no dia 12 de Agosto. Para efectuar<\/p>","protected":false},"author":1,"featured_media":0,"comment_status":"open","ping_status":"open","sticky":false,"template":"","format":"standard","meta":[],"categories":[1],"tags":[],"_links":{"self":[{"href":"https:\/\/www.ecletismomusical.pt\/en\/wp-json\/wp\/v2\/posts\/875"}],"collection":[{"href":"https:\/\/www.ecletismomusical.pt\/en\/wp-json\/wp\/v2\/posts"}],"about":[{"href":"https:\/\/www.ecletismomusical.pt\/en\/wp-json\/wp\/v2\/types\/post"}],"author":[{"embeddable":true,"href":"https:\/\/www.ecletismomusical.pt\/en\/wp-json\/wp\/v2\/users\/1"}],"replies":[{"embeddable":true,"href":"https:\/\/www.ecletismomusical.pt\/en\/wp-json\/wp\/v2\/comments?post=875"}],"version-history":[{"count":0,"href":"https:\/\/www.ecletismomusical.pt\/en\/wp-json\/wp\/v2\/posts\/875\/revisions"}],"wp:attachment":[{"href":"https:\/\/www.ecletismomusical.pt\/en\/wp-json\/wp\/v2\/media?parent=875"}],"wp:term":[{"taxonomy":"category","embeddable":true,"href":"https:\/\/www.ecletismomusical.pt\/en\/wp-json\/wp\/v2\/categories?post=875"},{"taxonomy":"post_tag","embeddable":true,"href":"https:\/\/www.ecletismomusical.pt\/en\/wp-json\/wp\/v2\/tags?post=875"}],"curies":[{"name":"wp","href":"https:\/\/api.w.org\/{rel}","templated":true}]}}