{"id":886,"date":"2006-05-12T12:31:00","date_gmt":"2006-05-12T12:31:00","guid":{"rendered":"https:\/\/ecletismomusical.pt\/nuestro-mundo\/"},"modified":"2006-05-12T12:31:00","modified_gmt":"2006-05-12T12:31:00","slug":"nuestro-mundo","status":"publish","type":"post","link":"https:\/\/www.ecletismomusical.pt\/en\/nuestro-mundo\/","title":{"rendered":"Nuestro Mundo"},"content":{"rendered":"<div><a href=\"http:\/\/www.la0rejadevangogh.com\/\"><img height=\"336\" src=\"http:\/\/images-eu.amazon.com\/images\/P\/B000EU1PRS.01.LZZZZZZZ.jpg\" width=\"278\" \/><\/a><br \/><span style=\"font-family:arial\"><a href=\"http:\/\/www.la0rejadevangogh.com\/\">Guapa<\/a> &#8211; La Oreja de Van Gogh<br \/><img src=\"http:\/\/images-eu.amazon.com\/images\/G\/02\/detail\/stars-4-0.gif\" \/><\/p>\n<p>Foi editado, no passado dia 25 de Abril, o quarto \u00e1lbum de originais de uma das bandas pop de maior sucesso em Espanha. <strong>\u00abGuapa\u00bb<\/strong>, novo trabalho dos <strong>La Oreja de Van Gogh<\/strong>, ir\u00e1 certamente seguir o caminho dos seus antecessores e alcan\u00e7ar\u00e1, em pouco tempo, cifras a ultrapassar largamente o milh\u00e3o de c\u00f3pias vendidas.<\/p>\n<p>Mais uma vez, guiados pela voz da <em>guapa<\/em> <strong>Amaia Montero<\/strong>, os <strong>La Oreja de Van Gogh<\/strong> conseguiram construir um excelente conjunto de can\u00e7\u00f5es pop, sendo que este trabalho apresenta algumas novas sonoridades, que v\u00e3o desde o reggae \u00e0 bossa nova, passando pela tradicional \u00abranchera\u00bb mexicana, a techno ou a tradicional m\u00fasica americana.<\/p>\n<p><span style=\"font-family:arial\">Mu\u00f1eca de Trapo &#8211; Guapa<br \/><\/span><\/div>\n<p><\/span><\/p>","protected":false},"excerpt":{"rendered":"<p>Guapa &#8211; La Oreja de Van Gogh Foi editado, no passado dia 25 de Abril, o quarto \u00e1lbum de originais de uma das bandas pop de maior sucesso em Espanha. \u00abGuapa\u00bb, novo trabalho dos La Oreja de Van Gogh, ir\u00e1 certamente seguir o caminho dos seus antecessores e alcan\u00e7ar\u00e1, em pouco tempo, cifras a ultrapassar<\/p>","protected":false},"author":1,"featured_media":0,"comment_status":"open","ping_status":"open","sticky":false,"template":"","format":"standard","meta":[],"categories":[1],"tags":[],"_links":{"self":[{"href":"https:\/\/www.ecletismomusical.pt\/en\/wp-json\/wp\/v2\/posts\/886"}],"collection":[{"href":"https:\/\/www.ecletismomusical.pt\/en\/wp-json\/wp\/v2\/posts"}],"about":[{"href":"https:\/\/www.ecletismomusical.pt\/en\/wp-json\/wp\/v2\/types\/post"}],"author":[{"embeddable":true,"href":"https:\/\/www.ecletismomusical.pt\/en\/wp-json\/wp\/v2\/users\/1"}],"replies":[{"embeddable":true,"href":"https:\/\/www.ecletismomusical.pt\/en\/wp-json\/wp\/v2\/comments?post=886"}],"version-history":[{"count":0,"href":"https:\/\/www.ecletismomusical.pt\/en\/wp-json\/wp\/v2\/posts\/886\/revisions"}],"wp:attachment":[{"href":"https:\/\/www.ecletismomusical.pt\/en\/wp-json\/wp\/v2\/media?parent=886"}],"wp:term":[{"taxonomy":"category","embeddable":true,"href":"https:\/\/www.ecletismomusical.pt\/en\/wp-json\/wp\/v2\/categories?post=886"},{"taxonomy":"post_tag","embeddable":true,"href":"https:\/\/www.ecletismomusical.pt\/en\/wp-json\/wp\/v2\/tags?post=886"}],"curies":[{"name":"wp","href":"https:\/\/api.w.org\/{rel}","templated":true}]}}