{"id":8920,"date":"2026-03-08T10:28:00","date_gmt":"2026-03-08T10:28:00","guid":{"rendered":"https:\/\/www.ecletismomusical.pt\/?p=8920"},"modified":"2026-03-07T21:37:52","modified_gmt":"2026-03-07T21:37:52","slug":"worth-listening-to-foy-vance-we-almost-made-it","status":"publish","type":"post","link":"https:\/\/www.ecletismomusical.pt\/en\/worth-listening-to-foy-vance-we-almost-made-it\/","title":{"rendered":"[Worth Listening to] Foy Vance &#8211; We Almost Made It"},"content":{"rendered":"<p><a href=\"https:\/\/www.instagram.com\/foyvance\/\"><strong>Foy Vance<\/strong> <\/a>partilhou recentemente o single <strong>\u201cWe Almost Made It\u201d<\/strong>, uma das \u00faltimas amostras do \u00e1lbum <em>The Wake<\/em>, editado em mar\u00e7o de 2026. A can\u00e7\u00e3o surge como um dos momentos mais emocionalmente expostos do disco, revelando o lado mais \u00edntimo do compositor norte-irland\u00eas.<\/p>\n\n\n\n<div class=\"wp-block-embed__wrapper\">\n<iframe width=\"900\" height=\"506\" src=\"https:\/\/www.youtube.com\/embed\/SpDC1-85YMo?feature=oembed\" frameborder=\"0\" allowfullscreen><\/iframe>\n<\/div>\n\n\n\n<p>O tema gira em torno de uma ideia universal: o amor que quase aconteceu. N\u00e3o se trata de uma rela\u00e7\u00e3o falhada, mas daquela sensa\u00e7\u00e3o persistente de proximidade, quando duas vidas parecem alinhar-se por obra do acaso, mas que, pelas circunst\u00e2ncias da vida se t\u00eam de alguma forma de afastar. Vance capta essa melancolia com uma serenidade quase resignada, como quem olha para tr\u00e1s sem raiva, apenas com a consci\u00eancia de que por vezes o \u201cquase\u201d \u00e9 t\u00e3o poderoso quanto o que permanece imut\u00e1vel.<\/p>\n\n\n\n<p>Musicalmente, \u201cWe Almost Made It\u201d continua a tradi\u00e7\u00e3o de Vance enquanto contador de hist\u00f3rias. A sua escrita mant\u00e9m o equil\u00edbrio entre folk, soul e rock de raiz, um territ\u00f3rio onde a simplicidade dos arranjos deixa espa\u00e7o para que as palavras e as emo\u00e7\u00f5es respirem.<\/p>\n\n\n\n<div class=\"wp-block-embed__wrapper\">\n<iframe style=\"border-radius: 12px\" width=\"100%\" height=\"152\" frameborder=\"0\" allowfullscreen src=\"https:\/\/open.spotify.com\/embed\/track\/0tRDMVjiYuq0CbPDHVNVKz?si=9194ba734a424cc6&amp;utm_source=oembed\"><\/iframe>\n<\/div>","protected":false},"excerpt":{"rendered":"<p>Foy Vance partilhou recentemente o single \u201cWe Almost Made It\u201d, uma das \u00faltimas amostras do \u00e1lbum The Wake, editado em mar\u00e7o de 2026. A can\u00e7\u00e3o surge como um dos momentos mais emocionalmente expostos do disco, revelando o lado mais \u00edntimo do compositor norte-irland\u00eas. O tema gira em torno de uma ideia universal: o amor que<\/p>","protected":false},"author":1,"featured_media":8921,"comment_status":"open","ping_status":"open","sticky":false,"template":"","format":"standard","meta":[],"categories":[1,26,30],"tags":[1578,87,115],"_links":{"self":[{"href":"https:\/\/www.ecletismomusical.pt\/en\/wp-json\/wp\/v2\/posts\/8920"}],"collection":[{"href":"https:\/\/www.ecletismomusical.pt\/en\/wp-json\/wp\/v2\/posts"}],"about":[{"href":"https:\/\/www.ecletismomusical.pt\/en\/wp-json\/wp\/v2\/types\/post"}],"author":[{"embeddable":true,"href":"https:\/\/www.ecletismomusical.pt\/en\/wp-json\/wp\/v2\/users\/1"}],"replies":[{"embeddable":true,"href":"https:\/\/www.ecletismomusical.pt\/en\/wp-json\/wp\/v2\/comments?post=8920"}],"version-history":[{"count":1,"href":"https:\/\/www.ecletismomusical.pt\/en\/wp-json\/wp\/v2\/posts\/8920\/revisions"}],"predecessor-version":[{"id":8922,"href":"https:\/\/www.ecletismomusical.pt\/en\/wp-json\/wp\/v2\/posts\/8920\/revisions\/8922"}],"wp:featuredmedia":[{"embeddable":true,"href":"https:\/\/www.ecletismomusical.pt\/en\/wp-json\/wp\/v2\/media\/8921"}],"wp:attachment":[{"href":"https:\/\/www.ecletismomusical.pt\/en\/wp-json\/wp\/v2\/media?parent=8920"}],"wp:term":[{"taxonomy":"category","embeddable":true,"href":"https:\/\/www.ecletismomusical.pt\/en\/wp-json\/wp\/v2\/categories?post=8920"},{"taxonomy":"post_tag","embeddable":true,"href":"https:\/\/www.ecletismomusical.pt\/en\/wp-json\/wp\/v2\/tags?post=8920"}],"curies":[{"name":"wp","href":"https:\/\/api.w.org\/{rel}","templated":true}]}}