{"id":8936,"date":"2026-03-09T19:20:00","date_gmt":"2026-03-09T19:20:00","guid":{"rendered":"https:\/\/www.ecletismomusical.pt\/?p=8936"},"modified":"2026-03-09T19:27:33","modified_gmt":"2026-03-09T19:27:33","slug":"album-review-marco-oliveira-caminho-e-quanto-fica-da-viagem","status":"publish","type":"post","link":"https:\/\/www.ecletismomusical.pt\/en\/album-review-marco-oliveira-caminho-e-quanto-fica-da-viagem\/","title":{"rendered":"[Album Review] Marco Oliveira &#8211; Caminho \u00e9 Quanto Fica da Viagem"},"content":{"rendered":"<p><strong><em>Caminho \u00e9 Quanto Fica da Viagem<\/em><\/strong>, o novo trabalho de <strong><a href=\"https:\/\/www.instagram.com\/marcooliveira_music\/\">Marco Oliveira<\/a> <\/strong>em colabora\u00e7\u00e3o com o guitarrista<strong> <a href=\"https:\/\/www.instagram.com\/josepeixotomusico\/\">Jos\u00e9 Peixoto<\/a><\/strong>, chega-nos para se colocar, necessariamente, como um dos \u00e1lbuns que far\u00e1 parte de v\u00e1rias listas de melhores do ano.<\/p>\n\n\n\n<p>Neste quarto \u00e1lbum do fadista lisboeta, a m\u00fasica surge como resultado de um di\u00e1logo criativo entre duas sensibilidades: a voz e escrita de Marco Oliveira e o universo instrumental e composicional de Jos\u00e9 Peixoto, m\u00fasico com uma longa carreira e presen\u00e7a marcante em projetos como Madredeus, El Fad ou Lisboa String Trio. \u00c9 tamb\u00e9m Peixoto quem assume a produ\u00e7\u00e3o e os arranjos do disco, moldando a sua atmosfera sonora.<\/p>\n\n\n\n<p>O repert\u00f3rio inclui poemas de alguns dos grandes autores portugueses do s\u00e9culo XX &#8211; Eug\u00e9nio de Andrade, Sophia de Mello Breyner Andresen, Sebasti\u00e3o da Gama ou Miguel Torga &#8211; integrados numa narrativa musical que aproxima o fado da poesia e da reflex\u00e3o.<\/p>\n\n\n\n<div class=\"wp-block-embed__wrapper\">\n<iframe style=\"border-radius: 12px\" width=\"100%\" height=\"352\" frameborder=\"0\" allowfullscreen src=\"https:\/\/open.spotify.com\/embed\/album\/65lsffYTJ88C3aL5m3cGUT?si=gJhON5t_Rm6FJNVKUSoktQ&amp;utm_source=oembed\"><\/iframe>\n<\/div>\n\n\n\n<p>Can\u00e7\u00f5es como <strong>\u201cCan\u00e7\u00e3o do Medo\u201d<\/strong> revelam bem esse equil\u00edbrio entre tradi\u00e7\u00e3o e interioridade. A voz de Marco Oliveira mant\u00e9m a intensidade emocional caracter\u00edstica do Fado, mas nunca se entrega ao excesso dram\u00e1tico. Pelo contr\u00e1rio, a interpreta\u00e7\u00e3o \u00e9 contida, quase meditativa, deixando espa\u00e7o para que as palavras e as guitarras respirem.<\/p>\n\n\n\n<div class=\"wp-block-embed__wrapper\">\n<iframe width=\"900\" height=\"506\" src=\"https:\/\/www.youtube.com\/embed\/fSU44Gm6kN4?feature=oembed\" frameborder=\"0\" allowfullscreen><\/iframe>\n<\/div>\n\n\n\n<p>\u00c9 aqui que a contribui\u00e7\u00e3o de Jos\u00e9 Peixoto se torna decisiva. Os arranjos s\u00e3o discretos mas profundamente expressivos, criando uma paisagem sonora que respeita a matriz do fado ao mesmo tempo que a abre a outras possibilidades musicais.<\/p>\n\n\n\n<p>No final, <em>Caminho \u00e9 Quanto Fica da Viagem<\/em> n\u00e3o se apresenta apenas como mais um disco dentro do universo do Fado contempor\u00e2neo. \u00c9 antes um trabalho de encontro entre m\u00fasica e poesia, onde \u00e9 preciso tempo, dedica\u00e7\u00e3o e vontade de parar e escutar.<\/p>\n\n\n\n<p>E, tal como o t\u00edtulo do \u00e1lbum (frase retirada do Fado das Nuvens, uma can\u00e7\u00e3o in\u00e9dita de Jos\u00e9 M\u00e1rio Branco) parece sugerir, no fundo, o mais importante n\u00e3o \u00e9 apenas a viagem que fazemos, mas aquilo que permanece dentro de n\u00f3s depois de regressarmos.<\/p>\n\n\n\n<p>Foto: Vitorino Coragem<\/p>","protected":false},"excerpt":{"rendered":"<p>Caminho \u00e9 Quanto Fica da Viagem, o novo trabalho de Marco Oliveira em colabora\u00e7\u00e3o com o guitarrista Jos\u00e9 Peixoto, chega-nos para se colocar, necessariamente, como um dos \u00e1lbuns que far\u00e1 parte de v\u00e1rias listas de melhores do ano. Neste quarto \u00e1lbum do fadista lisboeta, a m\u00fasica surge como resultado de um di\u00e1logo criativo entre duas<\/p>","protected":false},"author":1,"featured_media":8937,"comment_status":"open","ping_status":"open","sticky":false,"template":"","format":"standard","meta":[],"categories":[1,529,26,28,30],"tags":[1582,1581,85,98],"_links":{"self":[{"href":"https:\/\/www.ecletismomusical.pt\/en\/wp-json\/wp\/v2\/posts\/8936"}],"collection":[{"href":"https:\/\/www.ecletismomusical.pt\/en\/wp-json\/wp\/v2\/posts"}],"about":[{"href":"https:\/\/www.ecletismomusical.pt\/en\/wp-json\/wp\/v2\/types\/post"}],"author":[{"embeddable":true,"href":"https:\/\/www.ecletismomusical.pt\/en\/wp-json\/wp\/v2\/users\/1"}],"replies":[{"embeddable":true,"href":"https:\/\/www.ecletismomusical.pt\/en\/wp-json\/wp\/v2\/comments?post=8936"}],"version-history":[{"count":1,"href":"https:\/\/www.ecletismomusical.pt\/en\/wp-json\/wp\/v2\/posts\/8936\/revisions"}],"predecessor-version":[{"id":8938,"href":"https:\/\/www.ecletismomusical.pt\/en\/wp-json\/wp\/v2\/posts\/8936\/revisions\/8938"}],"wp:featuredmedia":[{"embeddable":true,"href":"https:\/\/www.ecletismomusical.pt\/en\/wp-json\/wp\/v2\/media\/8937"}],"wp:attachment":[{"href":"https:\/\/www.ecletismomusical.pt\/en\/wp-json\/wp\/v2\/media?parent=8936"}],"wp:term":[{"taxonomy":"category","embeddable":true,"href":"https:\/\/www.ecletismomusical.pt\/en\/wp-json\/wp\/v2\/categories?post=8936"},{"taxonomy":"post_tag","embeddable":true,"href":"https:\/\/www.ecletismomusical.pt\/en\/wp-json\/wp\/v2\/tags?post=8936"}],"curies":[{"name":"wp","href":"https:\/\/api.w.org\/{rel}","templated":true}]}}