{"id":894,"date":"2006-04-05T13:38:00","date_gmt":"2006-04-05T13:38:00","guid":{"rendered":"https:\/\/ecletismomusical.pt\/ha-de-vir\/"},"modified":"2006-04-05T13:38:00","modified_gmt":"2006-04-05T13:38:00","slug":"ha-de-vir","status":"publish","type":"post","link":"https:\/\/www.ecletismomusical.pt\/en\/ha-de-vir\/","title":{"rendered":"H\u00e1-de vir&#8230;"},"content":{"rendered":"<p><img height=\"317\" src=\"http:\/\/www.roatanonline.com\/images_wallpapers\/images_wallpapers\/east_end_road.jpg\" width=\"355\" \/><\/p>\n<p><span style=\"font-size:78%\"><strong>Ao Meu Encontro na Estada<\/strong> &#8211; Jorge Palma<\/span><br \/><span style=\"font-family:arial\"><em><span style=\"font-size:78%\"><\/span><\/em><\/span><br \/><span style=\"font-family:arial\"><em><span style=\"font-size:78%\">Disseste que vinhas<br \/>E n\u00e3o chegaste<br \/>Mudaste de planos, ok<\/p>\n<p>Mas isso deitou-me t\u00e3o abaixo<br \/>Espero que tenhas pensado bem<br \/>Estou triste que s\u00f3 eu sei<br \/>Preciso de algu\u00e9m<\/p>\n<p>Chamin\u00e9s pretas deslizam<br \/>Nas janelas de mais um comboio<br \/>Casas e pessoas<br \/>Feias \u00e1rvores falidas<br \/>E um c\u00e9u angustiado<br \/>Tal \u00e9 o meu quadro<br \/>Estou bem chateado<\/p>\n<p>E agora toca a arranjar o buraco<br \/>Que eu tenho no cora\u00e7\u00e3o<br \/>Vou mudar de cen\u00e1rio<br \/>Que a coisa assim est\u00e1 mal parada<br \/>Vou procurar calor<br \/>Mudar de esta\u00e7\u00e3o<\/p>\n<p>H\u00e1-de vir algu\u00e9m<br \/>Ao meu encontro na estrada<\/p>\n<p>Pensei tanto em ti<br \/>Que n\u00e3o calculas<br \/>De manh\u00e3, \u00e0 tarde e ao anoitecer<\/p>\n<p>Andava louco de contente<br \/>S\u00f3 com a ideia de te voltar a ver<br \/>Ahh, mas que grande idiota<br \/>Voltei a perder<\/p>\n<p>Procuro no fumo e no vinho<br \/>A forma de chegar depressa \u00e0 fronteira<br \/>Mas sei muito bem que a dor que sinto no peito<br \/>N\u00e3o vai com a bebedeira<br \/>Pus-me a voar a cair<br \/>Da pior maneira<\/p>\n<p>E agora toca a arranjar o buraco<br \/>Que eu tenho no cora\u00e7\u00e3o<br \/>Vou mudar de cen\u00e1rio<br \/>Que a coisa assim est\u00e1 mal parada<br \/>Vou procurar calor<br \/>Mudar de esta\u00e7\u00e3o<\/p>\n<p>H\u00e1-de vir algu\u00e9m<br \/>Ao meu encontro na estrada<br \/>H\u00e1-de vir algu\u00e9m<br \/>Ao meu encontro na estrada<\/span><\/em> <\/span><\/p>","protected":false},"excerpt":{"rendered":"<p>Ao Meu Encontro na Estada &#8211; Jorge PalmaDisseste que vinhasE n\u00e3o chegasteMudaste de planos, ok Mas isso deitou-me t\u00e3o abaixoEspero que tenhas pensado bemEstou triste que s\u00f3 eu seiPreciso de algu\u00e9m Chamin\u00e9s pretas deslizamNas janelas de mais um comboioCasas e pessoasFeias \u00e1rvores falidasE um c\u00e9u angustiadoTal \u00e9 o meu quadroEstou bem chateado E agora toca<\/p>","protected":false},"author":1,"featured_media":0,"comment_status":"open","ping_status":"open","sticky":false,"template":"","format":"standard","meta":[],"categories":[1],"tags":[],"_links":{"self":[{"href":"https:\/\/www.ecletismomusical.pt\/en\/wp-json\/wp\/v2\/posts\/894"}],"collection":[{"href":"https:\/\/www.ecletismomusical.pt\/en\/wp-json\/wp\/v2\/posts"}],"about":[{"href":"https:\/\/www.ecletismomusical.pt\/en\/wp-json\/wp\/v2\/types\/post"}],"author":[{"embeddable":true,"href":"https:\/\/www.ecletismomusical.pt\/en\/wp-json\/wp\/v2\/users\/1"}],"replies":[{"embeddable":true,"href":"https:\/\/www.ecletismomusical.pt\/en\/wp-json\/wp\/v2\/comments?post=894"}],"version-history":[{"count":0,"href":"https:\/\/www.ecletismomusical.pt\/en\/wp-json\/wp\/v2\/posts\/894\/revisions"}],"wp:attachment":[{"href":"https:\/\/www.ecletismomusical.pt\/en\/wp-json\/wp\/v2\/media?parent=894"}],"wp:term":[{"taxonomy":"category","embeddable":true,"href":"https:\/\/www.ecletismomusical.pt\/en\/wp-json\/wp\/v2\/categories?post=894"},{"taxonomy":"post_tag","embeddable":true,"href":"https:\/\/www.ecletismomusical.pt\/en\/wp-json\/wp\/v2\/tags?post=894"}],"curies":[{"name":"wp","href":"https:\/\/api.w.org\/{rel}","templated":true}]}}