{"id":902,"date":"2006-03-17T11:19:00","date_gmt":"2006-03-17T11:19:00","guid":{"rendered":"https:\/\/ecletismomusical.pt\/eden-na-nazare\/"},"modified":"2006-03-17T11:19:00","modified_gmt":"2006-03-17T11:19:00","slug":"eden-na-nazare","status":"publish","type":"post","link":"https:\/\/www.ecletismomusical.pt\/en\/eden-na-nazare\/","title":{"rendered":"Eden na Nazar\u00e9&#8230;"},"content":{"rendered":"<p><a href=\"http:\/\/photos1.blogger.com\/blogger\/4808\/553\/1600\/eden17-18.jpg\"><img height=\"323\" alt=\"\" src=\"http:\/\/photos1.blogger.com\/blogger\/4808\/553\/320\/eden17-18.jpg\" width=\"325\" \/><\/a><br \/>Para mais informa\u00e7\u00f5es, contacte:<br \/>Col\u00f3nia Balnear da Nazar\u00e9<br \/>Telf.:262 561 400<br \/>Telm.:96 676 5476<br \/><a href=\"http:\/\/www.colonianazare.com\/\">www.colonianazare.com<\/a><\/p>","protected":false},"excerpt":{"rendered":"<p>Para mais informa\u00e7\u00f5es, contacte:Col\u00f3nia Balnear da Nazar\u00e9Telf.:262 561 400Telm.:96 676 5476www.colonianazare.com<\/p>","protected":false},"author":1,"featured_media":0,"comment_status":"open","ping_status":"open","sticky":false,"template":"","format":"standard","meta":[],"categories":[1],"tags":[],"_links":{"self":[{"href":"https:\/\/www.ecletismomusical.pt\/en\/wp-json\/wp\/v2\/posts\/902"}],"collection":[{"href":"https:\/\/www.ecletismomusical.pt\/en\/wp-json\/wp\/v2\/posts"}],"about":[{"href":"https:\/\/www.ecletismomusical.pt\/en\/wp-json\/wp\/v2\/types\/post"}],"author":[{"embeddable":true,"href":"https:\/\/www.ecletismomusical.pt\/en\/wp-json\/wp\/v2\/users\/1"}],"replies":[{"embeddable":true,"href":"https:\/\/www.ecletismomusical.pt\/en\/wp-json\/wp\/v2\/comments?post=902"}],"version-history":[{"count":0,"href":"https:\/\/www.ecletismomusical.pt\/en\/wp-json\/wp\/v2\/posts\/902\/revisions"}],"wp:attachment":[{"href":"https:\/\/www.ecletismomusical.pt\/en\/wp-json\/wp\/v2\/media?parent=902"}],"wp:term":[{"taxonomy":"category","embeddable":true,"href":"https:\/\/www.ecletismomusical.pt\/en\/wp-json\/wp\/v2\/categories?post=902"},{"taxonomy":"post_tag","embeddable":true,"href":"https:\/\/www.ecletismomusical.pt\/en\/wp-json\/wp\/v2\/tags?post=902"}],"curies":[{"name":"wp","href":"https:\/\/api.w.org\/{rel}","templated":true}]}}