{"id":903,"date":"2006-03-15T14:01:00","date_gmt":"2006-03-15T14:01:00","guid":{"rendered":"https:\/\/ecletismomusical.pt\/sempre-presente\/"},"modified":"2006-03-15T14:01:00","modified_gmt":"2006-03-15T14:01:00","slug":"sempre-presente","status":"publish","type":"post","link":"https:\/\/www.ecletismomusical.pt\/en\/sempre-presente\/","title":{"rendered":"Sempre presente&#8230;"},"content":{"rendered":"<div><a href=\"http:\/\/www.amazon.com\/gp\/product\/B00004TSAI\/102-3687901-3223340?camp=2025&amp;dev-t=D2UKXTZKSOZP1Q&amp;amp;link%5Fcode=xm2&amp;n=5174\/\/\"><img src=\"http:\/\/images.amazon.com\/images\/P\/B00004TSAI.01._AA240_SCLZZZZZZZ_.jpg\" \/><\/a><\/p>\n<p>Hoje a Noite N\u00e3o Tem Luar &#8211; <a href=\"http:\/\/www.legiaourbana.tk\/\">Legi\u00e3o Urbana<\/a><br \/><br \/><span style=\"font-size:78%\">(Aproveita-se para agradecer e responder a um fiel leitor do EM que alertou, desde \u00abterras d&#8217;alem mar\u00bb, para o facto de a m\u00fasica escolhida para ilustrar o \u00e1lbum <strong>Legi\u00e3o Urbana &#8211; Ac\u00fastico MTV<\/strong> ser um cover da banda Menudo e n\u00e3o um original, mas tal, contrariamente ao que se podia pensar, n\u00e3o se ficou a dever a desconhecimento, j\u00e1 que, a m\u00fasica\/letra escolhida tinha uma inten\u00e7\u00e3o bem definida)<\/span><\/p>\n<p>Para compensar, deixa-se aqui uma das preferidas de <strong>Renato Russo<\/strong>:<br \/><strong>Giz<\/strong> &#8211; <a href=\"http:\/\/www.legiao.org\/l_7_giz.asp\">Legi\u00e3o Urbana<\/a><br \/> <\/div>","protected":false},"excerpt":{"rendered":"<p>Hoje a Noite N\u00e3o Tem Luar &#8211; Legi\u00e3o Urbana(Aproveita-se para agradecer e responder a um fiel leitor do EM que alertou, desde \u00abterras d&#8217;alem mar\u00bb, para o facto de a m\u00fasica escolhida para ilustrar o \u00e1lbum Legi\u00e3o Urbana &#8211; Ac\u00fastico MTV ser um cover da banda Menudo e n\u00e3o um original, mas tal, contrariamente ao<\/p>","protected":false},"author":1,"featured_media":0,"comment_status":"open","ping_status":"open","sticky":false,"template":"","format":"standard","meta":[],"categories":[1],"tags":[],"_links":{"self":[{"href":"https:\/\/www.ecletismomusical.pt\/en\/wp-json\/wp\/v2\/posts\/903"}],"collection":[{"href":"https:\/\/www.ecletismomusical.pt\/en\/wp-json\/wp\/v2\/posts"}],"about":[{"href":"https:\/\/www.ecletismomusical.pt\/en\/wp-json\/wp\/v2\/types\/post"}],"author":[{"embeddable":true,"href":"https:\/\/www.ecletismomusical.pt\/en\/wp-json\/wp\/v2\/users\/1"}],"replies":[{"embeddable":true,"href":"https:\/\/www.ecletismomusical.pt\/en\/wp-json\/wp\/v2\/comments?post=903"}],"version-history":[{"count":0,"href":"https:\/\/www.ecletismomusical.pt\/en\/wp-json\/wp\/v2\/posts\/903\/revisions"}],"wp:attachment":[{"href":"https:\/\/www.ecletismomusical.pt\/en\/wp-json\/wp\/v2\/media?parent=903"}],"wp:term":[{"taxonomy":"category","embeddable":true,"href":"https:\/\/www.ecletismomusical.pt\/en\/wp-json\/wp\/v2\/categories?post=903"},{"taxonomy":"post_tag","embeddable":true,"href":"https:\/\/www.ecletismomusical.pt\/en\/wp-json\/wp\/v2\/tags?post=903"}],"curies":[{"name":"wp","href":"https:\/\/api.w.org\/{rel}","templated":true}]}}