{"id":904,"date":"2006-03-12T00:00:00","date_gmt":"2006-03-12T00:00:00","guid":{"rendered":"https:\/\/ecletismomusical.pt\/r-i-p-1939-2006\/"},"modified":"2006-03-12T00:00:00","modified_gmt":"2006-03-12T00:00:00","slug":"r-i-p-1939-2006","status":"publish","type":"post","link":"https:\/\/www.ecletismomusical.pt\/en\/r-i-p-1939-2006\/","title":{"rendered":"R.I.P. 1939-2006"},"content":{"rendered":"<div><a href=\"http:\/\/en.wikipedia.org\/wiki\/Ali_Farka_Toure\"><img height=\"232\" src=\"http:\/\/photos1.blogger.com\/blogger\/6089\/622\/400\/ali_farka_toure_monsanto_12.jpg\" width=\"358\" \/><\/a><\/p>\n<p>Desaparece aos 67 anos, v\u00edtima de doen\u00e7a prolongada, um dos maiores representantes da m\u00fasica africana.<\/p>\n<p>At\u00e9 sempre <strong>Ali Farka Tour\u00e9<\/strong>!<\/p>\n<p>Gomni (Ali Farka Toure &amp; Ry Cooder)<br \/><\/p>\n<p>Na BBC (com entrevista a Toumani Diabat\u00e9)<br \/> <\/div>","protected":false},"excerpt":{"rendered":"<p>Desaparece aos 67 anos, v\u00edtima de doen\u00e7a prolongada, um dos maiores representantes da m\u00fasica africana. At\u00e9 sempre Ali Farka Tour\u00e9! Gomni (Ali Farka Toure &amp; Ry Cooder) Na BBC (com entrevista a Toumani Diabat\u00e9)<\/p>","protected":false},"author":1,"featured_media":0,"comment_status":"open","ping_status":"open","sticky":false,"template":"","format":"standard","meta":[],"categories":[1],"tags":[],"_links":{"self":[{"href":"https:\/\/www.ecletismomusical.pt\/en\/wp-json\/wp\/v2\/posts\/904"}],"collection":[{"href":"https:\/\/www.ecletismomusical.pt\/en\/wp-json\/wp\/v2\/posts"}],"about":[{"href":"https:\/\/www.ecletismomusical.pt\/en\/wp-json\/wp\/v2\/types\/post"}],"author":[{"embeddable":true,"href":"https:\/\/www.ecletismomusical.pt\/en\/wp-json\/wp\/v2\/users\/1"}],"replies":[{"embeddable":true,"href":"https:\/\/www.ecletismomusical.pt\/en\/wp-json\/wp\/v2\/comments?post=904"}],"version-history":[{"count":0,"href":"https:\/\/www.ecletismomusical.pt\/en\/wp-json\/wp\/v2\/posts\/904\/revisions"}],"wp:attachment":[{"href":"https:\/\/www.ecletismomusical.pt\/en\/wp-json\/wp\/v2\/media?parent=904"}],"wp:term":[{"taxonomy":"category","embeddable":true,"href":"https:\/\/www.ecletismomusical.pt\/en\/wp-json\/wp\/v2\/categories?post=904"},{"taxonomy":"post_tag","embeddable":true,"href":"https:\/\/www.ecletismomusical.pt\/en\/wp-json\/wp\/v2\/tags?post=904"}],"curies":[{"name":"wp","href":"https:\/\/api.w.org\/{rel}","templated":true}]}}