{"id":907,"date":"2006-03-10T00:44:00","date_gmt":"2006-03-10T00:44:00","guid":{"rendered":"https:\/\/ecletismomusical.pt\/no-lux\/"},"modified":"2006-03-10T00:44:00","modified_gmt":"2006-03-10T00:44:00","slug":"no-lux","status":"publish","type":"post","link":"https:\/\/www.ecletismomusical.pt\/en\/no-lux\/","title":{"rendered":"No Lux&#8230;"},"content":{"rendered":"<div><a href=\"http:\/\/www.maatmama.com\/\"><img height=\"361\" src=\"http:\/\/images-eu.amazon.com\/images\/P\/B000BZ89NY.02.LZZZZZZZ.jpg\" width=\"243\" \/><\/a><br \/>Ma&#8217;at Mama &#8211; <a href=\"http:\/\/www.maatmama.com\/\">Ursula Rucker <\/a><br \/><img src=\"http:\/\/images-eu.amazon.com\/images\/G\/02\/detail\/stars-4-0.gif\" \/><\/p>\n<p><em>\u00abUrsula Rucker, digna representante da spoken-word, regressa a Portugal, depois do concerto h\u00e1 dois anos em Viseu. Agora a cantora norte-americana apresentar\u00e1, em primeira m\u00e3o, o seu novo trabalho de originais, intitulado \u00abMa AT Mama\u00bb. \u00bb<\/em><\/p>\n<p>16 de Mar\u00e7o de 2006 \u00e0s 22h30<\/p><\/div>\n<p>Discoteca Lux &#8211; 20\u20ac<br \/><a href=\"http:\/\/www.plateia.iol.pt\/eventos\/evento_mais.php?id=1658&amp;art_id=649968\"> Comprar<\/a><\/p>","protected":false},"excerpt":{"rendered":"<p>Ma&#8217;at Mama &#8211; Ursula Rucker \u00abUrsula Rucker, digna representante da spoken-word, regressa a Portugal, depois do concerto h\u00e1 dois anos em Viseu. Agora a cantora norte-americana apresentar\u00e1, em primeira m\u00e3o, o seu novo trabalho de originais, intitulado \u00abMa AT Mama\u00bb. \u00bb 16 de Mar\u00e7o de 2006 \u00e0s 22h30 Discoteca Lux &#8211; 20\u20ac Comprar<\/p>","protected":false},"author":1,"featured_media":0,"comment_status":"open","ping_status":"open","sticky":false,"template":"","format":"standard","meta":[],"categories":[1],"tags":[],"_links":{"self":[{"href":"https:\/\/www.ecletismomusical.pt\/en\/wp-json\/wp\/v2\/posts\/907"}],"collection":[{"href":"https:\/\/www.ecletismomusical.pt\/en\/wp-json\/wp\/v2\/posts"}],"about":[{"href":"https:\/\/www.ecletismomusical.pt\/en\/wp-json\/wp\/v2\/types\/post"}],"author":[{"embeddable":true,"href":"https:\/\/www.ecletismomusical.pt\/en\/wp-json\/wp\/v2\/users\/1"}],"replies":[{"embeddable":true,"href":"https:\/\/www.ecletismomusical.pt\/en\/wp-json\/wp\/v2\/comments?post=907"}],"version-history":[{"count":0,"href":"https:\/\/www.ecletismomusical.pt\/en\/wp-json\/wp\/v2\/posts\/907\/revisions"}],"wp:attachment":[{"href":"https:\/\/www.ecletismomusical.pt\/en\/wp-json\/wp\/v2\/media?parent=907"}],"wp:term":[{"taxonomy":"category","embeddable":true,"href":"https:\/\/www.ecletismomusical.pt\/en\/wp-json\/wp\/v2\/categories?post=907"},{"taxonomy":"post_tag","embeddable":true,"href":"https:\/\/www.ecletismomusical.pt\/en\/wp-json\/wp\/v2\/tags?post=907"}],"curies":[{"name":"wp","href":"https:\/\/api.w.org\/{rel}","templated":true}]}}