{"id":912,"date":"2006-02-25T11:56:00","date_gmt":"2006-02-25T11:56:00","guid":{"rendered":"https:\/\/ecletismomusical.pt\/hoje-em-portalegre\/"},"modified":"2006-02-25T11:56:00","modified_gmt":"2006-02-25T11:56:00","slug":"hoje-em-portalegre","status":"publish","type":"post","link":"https:\/\/www.ecletismomusical.pt\/en\/hoje-em-portalegre\/","title":{"rendered":"Hoje em Portalegre&#8230;"},"content":{"rendered":"<div><a href=\"http:\/\/www.deedeebridgewater.com\/\"><img src=\"http:\/\/www.anchorageconcerts.org\/images\/artists\/deedee.jpg\" \/><\/a><\/p>\n<p><strong>Dee Dee Bridgewater + Kaleidosc\u00f3pio e Trio de Miguel Martins (Portalegre)<\/strong> <\/div>\n<div><em>Amante de jazz que se preze n\u00e3o pode deixar de passar por Portalegre esta semana. \u00c9 que o Centro de Congressos recebe a premiada Dee Dee Bridgewater no dia 25 de Fevereiro.<br \/>A norte-americana vem apresentar o espect\u00e1culo &#8220;J&#8217;ai deux amours&#8221;. \u00c9 pela &#8220;chanson fran\u00e7aise&#8221; que passa este novo desafio da ecl\u00e9ctica cantora, que durante quatro anos andou em digress\u00e3o com &#8220;Dear Ella&#8221; (um disco de homenagem a Ella Fitzgerald) e que se dedicou tamb\u00e9m \u00e0 obra de Kurt Weill em &#8220;This Is New&#8221;.<\/p>\n<p>LOCAL<br \/>Portalegre, Centro de Congressos de Portalegre &#8211; Rua Guilherme Gomes Fernandes<br \/>HORARIOS<br \/>Dia 25-02-2006<br \/>S\u00e1bado \u00e0s 22h00<br \/>PRE\u00c7O<br \/>10\u20ac (concerto). Passe: 25\u20ac.<br \/>OBSERVA\u00c7\u00d5ES<br \/>Portalegre JazzFest &#8211; 4\u00ba Festival Internacional de Jazz de Portalegre. Informa\u00e7\u00f5es: 245339934.<br \/>S\u00cdTIO OFICIAL<br \/><\/em><a href=\"http:\/\/www.deedeebridgewater.com\/\"><em>http:\/\/www.deedeebridgewater.com<\/em><\/a> in Publico.pt<\/div>","protected":false},"excerpt":{"rendered":"<p>Dee Dee Bridgewater + Kaleidosc\u00f3pio e Trio de Miguel Martins (Portalegre) Amante de jazz que se preze n\u00e3o pode deixar de passar por Portalegre esta semana. \u00c9 que o Centro de Congressos recebe a premiada Dee Dee Bridgewater no dia 25 de Fevereiro.A norte-americana vem apresentar o espect\u00e1culo &#8220;J&#8217;ai deux amours&#8221;. \u00c9 pela &#8220;chanson fran\u00e7aise&#8221;<\/p>","protected":false},"author":1,"featured_media":0,"comment_status":"open","ping_status":"open","sticky":false,"template":"","format":"standard","meta":[],"categories":[1],"tags":[],"_links":{"self":[{"href":"https:\/\/www.ecletismomusical.pt\/en\/wp-json\/wp\/v2\/posts\/912"}],"collection":[{"href":"https:\/\/www.ecletismomusical.pt\/en\/wp-json\/wp\/v2\/posts"}],"about":[{"href":"https:\/\/www.ecletismomusical.pt\/en\/wp-json\/wp\/v2\/types\/post"}],"author":[{"embeddable":true,"href":"https:\/\/www.ecletismomusical.pt\/en\/wp-json\/wp\/v2\/users\/1"}],"replies":[{"embeddable":true,"href":"https:\/\/www.ecletismomusical.pt\/en\/wp-json\/wp\/v2\/comments?post=912"}],"version-history":[{"count":0,"href":"https:\/\/www.ecletismomusical.pt\/en\/wp-json\/wp\/v2\/posts\/912\/revisions"}],"wp:attachment":[{"href":"https:\/\/www.ecletismomusical.pt\/en\/wp-json\/wp\/v2\/media?parent=912"}],"wp:term":[{"taxonomy":"category","embeddable":true,"href":"https:\/\/www.ecletismomusical.pt\/en\/wp-json\/wp\/v2\/categories?post=912"},{"taxonomy":"post_tag","embeddable":true,"href":"https:\/\/www.ecletismomusical.pt\/en\/wp-json\/wp\/v2\/tags?post=912"}],"curies":[{"name":"wp","href":"https:\/\/api.w.org\/{rel}","templated":true}]}}