{"id":917,"date":"2006-02-09T01:44:00","date_gmt":"2006-02-09T01:44:00","guid":{"rendered":"https:\/\/ecletismomusical.pt\/na-nazare\/"},"modified":"2006-02-09T01:44:00","modified_gmt":"2006-02-09T01:44:00","slug":"na-nazare","status":"publish","type":"post","link":"https:\/\/www.ecletismomusical.pt\/en\/na-nazare\/","title":{"rendered":"Na Nazar\u00e9"},"content":{"rendered":"<div><img height=\"513\" src=\"http:\/\/www.homestudio.com.pt\/images\/noticias\/Cartaz_Dapunkinauguracao.jpg\" width=\"296\" \/><\/p>\n<p><span style=\"font-size:85%\">\u00abA partir do pr\u00f3ximo dia 10 de Fevereiro e durante todas as Sextas e S\u00e1bados, at\u00e9 ao fim de Abril, a Col\u00f3nia Balnear da Nazar\u00e9 (CBN) vai promover um conjunto de concertos e exposi\u00e7\u00f5es, para dar a conhecer ao p\u00fablico em geral, novos projectos na \u00e1rea da m\u00fasica, pintura e escultura, entre outras.<\/p>\n<p>A inaugura\u00e7\u00e3o do evento vai contar com a presen\u00e7a da banda Dapunksportif, nos dias 10 e 11 Fev. a partir das 22 horas. Origin\u00e1ria de Peniche, esta \u00e9 considerada uma das bandas revela\u00e7\u00e3o da nova m\u00fasica portuguesa, tendo-se destacado na abertura dos espect\u00e1culos dos Xutos, no Coliseu. Para breve, os Dapunksportif v\u00e3o ter um v\u00eddeo clipe na MTV e s\u00e3o uma aposta da Antena 3.\u00bb <\/span><a href=\"http:\/\/www.homestudio.com.pt\/noticia.php?id=211\"><span style=\"font-size:85%\">(mais)<\/span><\/a><span style=\"font-size:85%\"> <\/span><\/p>\n<p><span style=\"font-size:85%\">Para mais informa\u00e7\u00f5es, por favor contacte:<br \/>Col\u00f3nia Balnear da Nazar\u00e9<br \/>Av. da Independ\u00eancia Nacional<br \/>2450-105 NAZAR\u00c9<br \/>Telf.: 262 561 400 das 10 \u00e0s 19:30<br \/>Telm.: 96 676 54 76 das 09 \u00e0s 00:00<br \/>Fax: 262 561 598<br \/>e-mail.: <\/span><\/span><a href=\"mailto:cbn_director@sapo.pt\"><span style=\"font-size:85%\">cbn_director@sapo.pt<\/span><\/a><span style=\"font-size:85%\"> or<br \/><\/span><a href=\"mailto:abilio_ferra@yahoo.com\"><span style=\"font-size:85%\">abilio_ferra@yahoo.com<\/span><\/a><\/div>","protected":false},"excerpt":{"rendered":"<p>\u00abA partir do pr\u00f3ximo dia 10 de Fevereiro e durante todas as Sextas e S\u00e1bados, at\u00e9 ao fim de Abril, a Col\u00f3nia Balnear da Nazar\u00e9 (CBN) vai promover um conjunto de concertos e exposi\u00e7\u00f5es, para dar a conhecer ao p\u00fablico em geral, novos projectos na \u00e1rea da m\u00fasica, pintura e escultura, entre outras. A inaugura\u00e7\u00e3o<\/p>","protected":false},"author":1,"featured_media":0,"comment_status":"open","ping_status":"open","sticky":false,"template":"","format":"standard","meta":[],"categories":[1],"tags":[],"_links":{"self":[{"href":"https:\/\/www.ecletismomusical.pt\/en\/wp-json\/wp\/v2\/posts\/917"}],"collection":[{"href":"https:\/\/www.ecletismomusical.pt\/en\/wp-json\/wp\/v2\/posts"}],"about":[{"href":"https:\/\/www.ecletismomusical.pt\/en\/wp-json\/wp\/v2\/types\/post"}],"author":[{"embeddable":true,"href":"https:\/\/www.ecletismomusical.pt\/en\/wp-json\/wp\/v2\/users\/1"}],"replies":[{"embeddable":true,"href":"https:\/\/www.ecletismomusical.pt\/en\/wp-json\/wp\/v2\/comments?post=917"}],"version-history":[{"count":0,"href":"https:\/\/www.ecletismomusical.pt\/en\/wp-json\/wp\/v2\/posts\/917\/revisions"}],"wp:attachment":[{"href":"https:\/\/www.ecletismomusical.pt\/en\/wp-json\/wp\/v2\/media?parent=917"}],"wp:term":[{"taxonomy":"category","embeddable":true,"href":"https:\/\/www.ecletismomusical.pt\/en\/wp-json\/wp\/v2\/categories?post=917"},{"taxonomy":"post_tag","embeddable":true,"href":"https:\/\/www.ecletismomusical.pt\/en\/wp-json\/wp\/v2\/tags?post=917"}],"curies":[{"name":"wp","href":"https:\/\/api.w.org\/{rel}","templated":true}]}}