{"id":918,"date":"2006-02-09T01:33:00","date_gmt":"2006-02-09T01:33:00","guid":{"rendered":"https:\/\/ecletismomusical.pt\/20-e-21-de-fevereiro\/"},"modified":"2006-02-09T01:33:00","modified_gmt":"2006-02-09T01:33:00","slug":"20-e-21-de-fevereiro","status":"publish","type":"post","link":"https:\/\/www.ecletismomusical.pt\/en\/20-e-21-de-fevereiro\/","title":{"rendered":"20 e 21 de Fevereiro"},"content":{"rendered":"<div><a href=\"http:\/\/incomunidade.paginas.sapo.pt\/\"><img height=\"204\" src=\"http:\/\/incomunidade.paginas.sapo.pt\/pagina.jpg\" width=\"461\" \/><\/a><\/p>\n<p><span style=\"font-size:85%\">\u00abO espect\u00e1culo apresenta-se como uma performance onde as sonoridades da voz, do piano e do texto po\u00e9tico se entrecruzam, transportando o p\u00fablico para um estado emocional que aprofunda sentimentos muito para la da mera recep\u00e7\u00e3o est\u00e9tica, numa viv\u00eancia que deflagra no palco e percorre os outros habitantes. <\/span><\/div>\n<div><span style=\"font-size:85%\"><strong>\u201cBranco e Vermelho\u201d,<\/strong> estabelece uma simbiose entre o canto, a m\u00fasica e a interpreta\u00e7\u00e3o dram\u00e1tica. Ao longo de cerca de 1h e 10m, o espectador pode fruir de espa\u00e7os entre a imagem e o som, a gestualidade e a movimenta\u00e7\u00e3o c\u00e9nica, o texto e o canto.  <a href=\"http:\/\/incomunidade.paginas.sapo.pt\/\">(mais)<\/a><\/span><\/div>\n<div> <\/div>\n<div><strong>20 e 21 de Fevereiro<\/strong><\/div>\n<div>21h 30m &#8211; Sociedade Guillerme Cossoul &#8211; Lisboa<\/div>\n<div>contacto &#8211; Andr\u00e9 Noronha 96 121 75 99<\/div>\n<div><a href=\"http:\/\/incomunidade.paginas.sapo.pt\/\">Informa\u00e7\u00f5es<\/a> via <a href=\"http:\/\/incomunidade.blogspot.com\/\">incomunidade<\/a><\/div>","protected":false},"excerpt":{"rendered":"<p>\u00abO espect\u00e1culo apresenta-se como uma performance onde as sonoridades da voz, do piano e do texto po\u00e9tico se entrecruzam, transportando o p\u00fablico para um estado emocional que aprofunda sentimentos muito para la da mera recep\u00e7\u00e3o est\u00e9tica, numa viv\u00eancia que deflagra no palco e percorre os outros habitantes. \u201cBranco e Vermelho\u201d, estabelece uma simbiose entre o<\/p>","protected":false},"author":1,"featured_media":0,"comment_status":"open","ping_status":"open","sticky":false,"template":"","format":"standard","meta":[],"categories":[1],"tags":[],"_links":{"self":[{"href":"https:\/\/www.ecletismomusical.pt\/en\/wp-json\/wp\/v2\/posts\/918"}],"collection":[{"href":"https:\/\/www.ecletismomusical.pt\/en\/wp-json\/wp\/v2\/posts"}],"about":[{"href":"https:\/\/www.ecletismomusical.pt\/en\/wp-json\/wp\/v2\/types\/post"}],"author":[{"embeddable":true,"href":"https:\/\/www.ecletismomusical.pt\/en\/wp-json\/wp\/v2\/users\/1"}],"replies":[{"embeddable":true,"href":"https:\/\/www.ecletismomusical.pt\/en\/wp-json\/wp\/v2\/comments?post=918"}],"version-history":[{"count":0,"href":"https:\/\/www.ecletismomusical.pt\/en\/wp-json\/wp\/v2\/posts\/918\/revisions"}],"wp:attachment":[{"href":"https:\/\/www.ecletismomusical.pt\/en\/wp-json\/wp\/v2\/media?parent=918"}],"wp:term":[{"taxonomy":"category","embeddable":true,"href":"https:\/\/www.ecletismomusical.pt\/en\/wp-json\/wp\/v2\/categories?post=918"},{"taxonomy":"post_tag","embeddable":true,"href":"https:\/\/www.ecletismomusical.pt\/en\/wp-json\/wp\/v2\/tags?post=918"}],"curies":[{"name":"wp","href":"https:\/\/api.w.org\/{rel}","templated":true}]}}