{"id":920,"date":"2006-02-07T01:08:00","date_gmt":"2006-02-07T01:08:00","guid":{"rendered":"https:\/\/ecletismomusical.pt\/multiculturalismo\/"},"modified":"2006-02-07T01:08:00","modified_gmt":"2006-02-07T01:08:00","slug":"multiculturalismo","status":"publish","type":"post","link":"https:\/\/www.ecletismomusical.pt\/en\/multiculturalismo\/","title":{"rendered":"Multiculturalismo"},"content":{"rendered":"<div><img height=\"234\" src=\"http:\/\/www.fnac.pt\/images\/catalogo\/discos\/xl\/5605231013123.jpg\" width=\"243\" \/><br \/><a href=\"http:\/\/www.google.pt\/url?sa=U&amp;start=3&amp;amp;q=http:\/\/www.valentim.pt\/default.asp%3FCpContentId%3D134794&amp;e=9797\">Condi\u00e7\u00e3o de Louco<\/a> &#8211; Danae<br \/><img src=\"http:\/\/images-eu.amazon.com\/images\/G\/02\/detail\/stars-4-5.gif\" \/><\/p>\n<p><strong>Danae<\/strong> \u00e9 uma agrad\u00e1vel surpresa. Esta jovem natural de <strong>Cuba<\/strong>, mas em Cabo Verde desde os 3 anos de idade, revela-se no seu primeiro \u00e1lbum &#8211; <strong>\u00abCondi\u00e7\u00e3o de Louco\u00bb<\/strong> como uma brilhante escritora de can\u00e7\u00f5es, produzindo um conjunto de doces e suaves melodias, a que a <strong>l\u00edngua brasileira<\/strong> , l\u00edngua que <strong>Danae<\/strong> escolheu para partilhar as suas emo\u00e7\u00f5es, confere ainda uma maior envolv\u00eancia e sensualidade.<\/p>\n<p>\u00c9 um \u00e1lbum pop, de melodias melosas q.b., que vive da simplicidade e do bom gosto, circulando pelos universos da m\u00fasica brasileira contempor\u00e2nea, percorrendo os caminhos da bossa nova, bem como os da m\u00fasica cabo-verdiana, constituindo, no fundo, mais um claro exemplo de globaliza\u00e7\u00e3o bem conseguida. Conta com a produ\u00e7\u00e3o de <strong>Pedro Renato (Belle Chase Hotel).<\/strong><\/p>\n<p><strong>Vale a pena descobrir.<br \/><\/strong><br \/><strong>Alinhamento:<\/strong><\/p>\n<p>01. Meu Mar<br \/>02. Dois Mais Dois<br \/>03. Tudo o que Voc\u00ea Quiser<br \/>04. For\u00e7a Diferenti<br \/>05. Queria Gritar<br \/>06. Condi\u00e7\u00e3o de Louco<br \/>07. Bu Rosto<br \/>08. Meu Lugar<br \/>09. Quest\u00e3o de Pele<br \/>10. Terra Secu<br \/>11. Vontade de Voc\u00ea<br \/>12. They Killed My Son (bonus)<\/div>","protected":false},"excerpt":{"rendered":"<p>Condi\u00e7\u00e3o de Louco &#8211; Danae Danae \u00e9 uma agrad\u00e1vel surpresa. Esta jovem natural de Cuba, mas em Cabo Verde desde os 3 anos de idade, revela-se no seu primeiro \u00e1lbum &#8211; \u00abCondi\u00e7\u00e3o de Louco\u00bb como uma brilhante escritora de can\u00e7\u00f5es, produzindo um conjunto de doces e suaves melodias, a que a l\u00edngua brasileira , l\u00edngua<\/p>","protected":false},"author":1,"featured_media":0,"comment_status":"open","ping_status":"open","sticky":false,"template":"","format":"standard","meta":[],"categories":[1],"tags":[],"_links":{"self":[{"href":"https:\/\/www.ecletismomusical.pt\/en\/wp-json\/wp\/v2\/posts\/920"}],"collection":[{"href":"https:\/\/www.ecletismomusical.pt\/en\/wp-json\/wp\/v2\/posts"}],"about":[{"href":"https:\/\/www.ecletismomusical.pt\/en\/wp-json\/wp\/v2\/types\/post"}],"author":[{"embeddable":true,"href":"https:\/\/www.ecletismomusical.pt\/en\/wp-json\/wp\/v2\/users\/1"}],"replies":[{"embeddable":true,"href":"https:\/\/www.ecletismomusical.pt\/en\/wp-json\/wp\/v2\/comments?post=920"}],"version-history":[{"count":0,"href":"https:\/\/www.ecletismomusical.pt\/en\/wp-json\/wp\/v2\/posts\/920\/revisions"}],"wp:attachment":[{"href":"https:\/\/www.ecletismomusical.pt\/en\/wp-json\/wp\/v2\/media?parent=920"}],"wp:term":[{"taxonomy":"category","embeddable":true,"href":"https:\/\/www.ecletismomusical.pt\/en\/wp-json\/wp\/v2\/categories?post=920"},{"taxonomy":"post_tag","embeddable":true,"href":"https:\/\/www.ecletismomusical.pt\/en\/wp-json\/wp\/v2\/tags?post=920"}],"curies":[{"name":"wp","href":"https:\/\/api.w.org\/{rel}","templated":true}]}}