{"id":922,"date":"2006-02-02T01:17:00","date_gmt":"2006-02-02T01:17:00","guid":{"rendered":"https:\/\/ecletismomusical.pt\/wolfgang-amadeus-mozart\/"},"modified":"2006-02-02T01:17:00","modified_gmt":"2006-02-02T01:17:00","slug":"wolfgang-amadeus-mozart","status":"publish","type":"post","link":"https:\/\/www.ecletismomusical.pt\/en\/wolfgang-amadeus-mozart\/","title":{"rendered":"Wolfgang Amadeus Mozart"},"content":{"rendered":"<p><img height=\"740\" src=\"http:\/\/gladstone.uoregon.edu\/~mbrune\/people\/mozart.jpg\" width=\"167\" \/><\/p>\n<p>A prop\u00f3sito da comemora\u00e7\u00e3o dos 250 anos do nascimento de Mozart, vale bem a pena passar pelo <a href=\"http:\/\/bonamusica.blogspot.com\/\">BonaM\u00fasica<\/a>.<\/p>","protected":false},"excerpt":{"rendered":"<p>A prop\u00f3sito da comemora\u00e7\u00e3o dos 250 anos do nascimento de Mozart, vale bem a pena passar pelo BonaM\u00fasica.<\/p>","protected":false},"author":1,"featured_media":0,"comment_status":"open","ping_status":"open","sticky":false,"template":"","format":"standard","meta":[],"categories":[1],"tags":[],"_links":{"self":[{"href":"https:\/\/www.ecletismomusical.pt\/en\/wp-json\/wp\/v2\/posts\/922"}],"collection":[{"href":"https:\/\/www.ecletismomusical.pt\/en\/wp-json\/wp\/v2\/posts"}],"about":[{"href":"https:\/\/www.ecletismomusical.pt\/en\/wp-json\/wp\/v2\/types\/post"}],"author":[{"embeddable":true,"href":"https:\/\/www.ecletismomusical.pt\/en\/wp-json\/wp\/v2\/users\/1"}],"replies":[{"embeddable":true,"href":"https:\/\/www.ecletismomusical.pt\/en\/wp-json\/wp\/v2\/comments?post=922"}],"version-history":[{"count":0,"href":"https:\/\/www.ecletismomusical.pt\/en\/wp-json\/wp\/v2\/posts\/922\/revisions"}],"wp:attachment":[{"href":"https:\/\/www.ecletismomusical.pt\/en\/wp-json\/wp\/v2\/media?parent=922"}],"wp:term":[{"taxonomy":"category","embeddable":true,"href":"https:\/\/www.ecletismomusical.pt\/en\/wp-json\/wp\/v2\/categories?post=922"},{"taxonomy":"post_tag","embeddable":true,"href":"https:\/\/www.ecletismomusical.pt\/en\/wp-json\/wp\/v2\/tags?post=922"}],"curies":[{"name":"wp","href":"https:\/\/api.w.org\/{rel}","templated":true}]}}