{"id":926,"date":"2006-01-20T01:24:00","date_gmt":"2006-01-20T01:24:00","guid":{"rendered":"https:\/\/ecletismomusical.pt\/20-anos-de-arte\/"},"modified":"2006-01-20T01:24:00","modified_gmt":"2006-01-20T01:24:00","slug":"20-anos-de-arte","status":"publish","type":"post","link":"https:\/\/www.ecletismomusical.pt\/en\/20-anos-de-arte\/","title":{"rendered":"20 Anos de Arte"},"content":{"rendered":"<div><a href=\"http:\/\/www.popdellarte.net\/\"><img src=\"http:\/\/www.fnac.pt\/images\/catalogo\/discos\/xl\/5605064800051.jpg\" \/><\/a><\/p>\n<p><em>\u00abOs 20 anos dos <strong>Pop Dell`Arte<\/strong> todos num s\u00f3 disco. <strong>POPlastik<\/strong>, dos Pop Dell&#8217;Arte. S\u00e3o 20 temas do melhor que a banda produziu em 20 anos de carreira. Do \u00e1lbum fazem parte tr\u00eas temas in\u00e9ditos: &#8220;(J`ai oubli\u00e9 ) All my Life&#8221;, &#8220;Stranger than Summertime&#8221; e &#8220;No Way Back&#8221;, gravados em Novembro passado.<\/em>  in fnac.pt\u00bb<\/div>","protected":false},"excerpt":{"rendered":"<p>\u00abOs 20 anos dos Pop Dell`Arte todos num s\u00f3 disco. POPlastik, dos Pop Dell&#8217;Arte. S\u00e3o 20 temas do melhor que a banda produziu em 20 anos de carreira. Do \u00e1lbum fazem parte tr\u00eas temas in\u00e9ditos: &#8220;(J`ai oubli\u00e9 ) All my Life&#8221;, &#8220;Stranger than Summertime&#8221; e &#8220;No Way Back&#8221;, gravados em Novembro passado. in fnac.pt\u00bb<\/p>","protected":false},"author":1,"featured_media":0,"comment_status":"open","ping_status":"open","sticky":false,"template":"","format":"standard","meta":[],"categories":[1],"tags":[],"_links":{"self":[{"href":"https:\/\/www.ecletismomusical.pt\/en\/wp-json\/wp\/v2\/posts\/926"}],"collection":[{"href":"https:\/\/www.ecletismomusical.pt\/en\/wp-json\/wp\/v2\/posts"}],"about":[{"href":"https:\/\/www.ecletismomusical.pt\/en\/wp-json\/wp\/v2\/types\/post"}],"author":[{"embeddable":true,"href":"https:\/\/www.ecletismomusical.pt\/en\/wp-json\/wp\/v2\/users\/1"}],"replies":[{"embeddable":true,"href":"https:\/\/www.ecletismomusical.pt\/en\/wp-json\/wp\/v2\/comments?post=926"}],"version-history":[{"count":0,"href":"https:\/\/www.ecletismomusical.pt\/en\/wp-json\/wp\/v2\/posts\/926\/revisions"}],"wp:attachment":[{"href":"https:\/\/www.ecletismomusical.pt\/en\/wp-json\/wp\/v2\/media?parent=926"}],"wp:term":[{"taxonomy":"category","embeddable":true,"href":"https:\/\/www.ecletismomusical.pt\/en\/wp-json\/wp\/v2\/categories?post=926"},{"taxonomy":"post_tag","embeddable":true,"href":"https:\/\/www.ecletismomusical.pt\/en\/wp-json\/wp\/v2\/tags?post=926"}],"curies":[{"name":"wp","href":"https:\/\/api.w.org\/{rel}","templated":true}]}}