{"id":928,"date":"2006-01-13T18:37:00","date_gmt":"2006-01-13T18:37:00","guid":{"rendered":"https:\/\/ecletismomusical.pt\/cartas-desde-el-infierno\/"},"modified":"2006-01-13T18:37:00","modified_gmt":"2006-01-13T18:37:00","slug":"cartas-desde-el-infierno","status":"publish","type":"post","link":"https:\/\/www.ecletismomusical.pt\/en\/cartas-desde-el-infierno\/","title":{"rendered":"\u00abCartas desde el infierno\u00bb"},"content":{"rendered":"<div><a href=\"http:\/\/www.fnac.es\/dsp\/?servlet=extended.HomeExtendedServlet&amp;Code1=2101201184&amp;amp;amp;Code2=181&amp;prodID=499084\"><img src=\"http:\/\/www.librairie-hispa.com\/catalog\/images\/cartainferno.jpg\" \/><\/a><\/p>\n<p><span style=\"font-size:78%\"><em>\u00abEl <span style=\"font-size:100%\"><strong>13 de enero de 1998<\/strong>,<\/span> Ram\u00f3n Sampedro consigui\u00f3 aquello por lo que luchaba legalmente desde hac\u00eda treinta a\u00f1os: su propia muerte. Desde que en 1968 qued\u00f3 postrado en una cama por culpa de un accidente fatal, se defin\u00eda a s\u00ed mismo como \u00abuna cabeza viva en un cuerpo muerto\u00bb y su mayor anhelo era liberarse de ese infierno del que no pod\u00eda escapar sin la ayuda de otros. &#8216;Cartas desde el infierno&#8217; es el estremecedor testimonio de un hombre que busc\u00f3 la libertad a trav\u00e9s de la muerte. Su caso abri\u00f3 un gran debate sobre la eutanasia, que se fue mitigando tras la muerte de Sampedro, probablemente asistida por alguien que cre\u00eda en su derecho a un final digno. in fnac.es\u00bb<\/p>\n<p><\/em><span style=\"font-size:130%\">Para ouvir o Poema, na voz de Javier Bardem: <\/span><a href=\"http:\/\/media.putfile.com\/Ramon-Sampedro---Poema\"><strong><span style=\"font-size:130%\">carregar aqui<\/span><\/strong><\/a><\/span><span style=\"font-size:130%\">.<\/span><\/div>\n<div>Filme e banda sonora: <a href=\"http:\/\/eclectismomusical.blogspot.com\/2004\/11\/de-quien-es-la-nuestra-vida.html\"><strong>carregar aqui<\/strong><\/a>.<span style=\"font-size:78%\"><\/p>\n<p><em>&#8220;MAR ADENTRO&#8221; (Por Ram\u00f3n Sampedro)<\/p>\n<p>Mar adentro,<br \/>mar adentro.<\/p>\n<p>Y en la ingravidez del fondo<br \/>donde se cumplen los sue\u00f1os<br \/>se juntan dos voluntades<br \/>para cumplir un deseo.<\/p>\n<p>Un beso enciende la vida<br \/>con un rel\u00e1mpago y un trueno<br \/>y en una metamorfosis<br \/>mi cuerpo no es ya mi cuerpo,<br \/>es como penetrar al centro del universo.<\/p>\n<p>El abrazo m\u00e1s pueril<br \/>y el m\u00e1s puro de los besos<br \/>hasta vernos reducidos<br \/>en un \u00fanico deseo.<\/p>\n<p>Tu mirada y mi mirada<br \/>como un eco repitiendo, sin palabras<br \/>&#8216;m\u00e1s adentro&#8217;, &#8216;m\u00e1s adentro&#8217;<br \/>hasta el m\u00e1s all\u00e1 del todo<br \/>por la sangre y por los huesos.<\/p>\n<p>Pero me despierto siempre<br \/>y siempre quiero estar muerto,<br \/>para seguir con mi boca<br \/>enredada en tus cabellos.<\/div>\n<p><\/em><\/span><\/p>","protected":false},"excerpt":{"rendered":"<p>\u00abEl 13 de enero de 1998, Ram\u00f3n Sampedro consigui\u00f3 aquello por lo que luchaba legalmente desde hac\u00eda treinta a\u00f1os: su propia muerte. Desde que en 1968 qued\u00f3 postrado en una cama por culpa de un accidente fatal, se defin\u00eda a s\u00ed mismo como \u00abuna cabeza viva en un cuerpo muerto\u00bb y su mayor anhelo era<\/p>","protected":false},"author":1,"featured_media":0,"comment_status":"open","ping_status":"open","sticky":false,"template":"","format":"standard","meta":[],"categories":[1],"tags":[],"_links":{"self":[{"href":"https:\/\/www.ecletismomusical.pt\/en\/wp-json\/wp\/v2\/posts\/928"}],"collection":[{"href":"https:\/\/www.ecletismomusical.pt\/en\/wp-json\/wp\/v2\/posts"}],"about":[{"href":"https:\/\/www.ecletismomusical.pt\/en\/wp-json\/wp\/v2\/types\/post"}],"author":[{"embeddable":true,"href":"https:\/\/www.ecletismomusical.pt\/en\/wp-json\/wp\/v2\/users\/1"}],"replies":[{"embeddable":true,"href":"https:\/\/www.ecletismomusical.pt\/en\/wp-json\/wp\/v2\/comments?post=928"}],"version-history":[{"count":0,"href":"https:\/\/www.ecletismomusical.pt\/en\/wp-json\/wp\/v2\/posts\/928\/revisions"}],"wp:attachment":[{"href":"https:\/\/www.ecletismomusical.pt\/en\/wp-json\/wp\/v2\/media?parent=928"}],"wp:term":[{"taxonomy":"category","embeddable":true,"href":"https:\/\/www.ecletismomusical.pt\/en\/wp-json\/wp\/v2\/categories?post=928"},{"taxonomy":"post_tag","embeddable":true,"href":"https:\/\/www.ecletismomusical.pt\/en\/wp-json\/wp\/v2\/tags?post=928"}],"curies":[{"name":"wp","href":"https:\/\/api.w.org\/{rel}","templated":true}]}}