{"id":9302,"date":"2026-04-26T21:27:21","date_gmt":"2026-04-26T20:27:21","guid":{"rendered":"https:\/\/www.ecletismomusical.pt\/?p=9302"},"modified":"2026-04-26T21:29:09","modified_gmt":"2026-04-26T20:29:09","slug":"worth-listening-to-raquel-cabaco-pereira-um-beijo-a-liberdade","status":"publish","type":"post","link":"https:\/\/www.ecletismomusical.pt\/en\/worth-listening-to-raquel-cabaco-pereira-um-beijo-a-liberdade\/","title":{"rendered":"[Worth Listening to] Raquel Caba\u00e7o Pereira &#8211; Um Beijo \u00e0 Liberdade"},"content":{"rendered":"<p><a href=\"https:\/\/www.instagram.com\/raquel_cabacopereira\/\">Raquel Caba\u00e7o Pereira<\/a> lan\u00e7ou \u201cUm Beijo \u00e0 Liberdade\u201d, a 25 de abril de 2026, e n\u00e3o precisa de esconder a sua inten\u00e7\u00e3o: nasce diretamente da mem\u00f3ria coletiva de Revolu\u00e7\u00e3o dos Cravos, mas recusa trat\u00e1-la como algo distante ou simb\u00f3lico. \u00c9 uma can\u00e7\u00e3o que traz a liberdade para o presente, como algo ainda em constru\u00e7\u00e3o.<\/p>\n\n\n\n<div class=\"wp-block-embed__wrapper\">\n<iframe width=\"900\" height=\"506\" src=\"https:\/\/www.youtube.com\/embed\/MIRGhrTWQjs?feature=oembed\" frameborder=\"0\" allowfullscreen><\/iframe>\n<\/div>\n\n\n\n<p>H\u00e1 uma delicadeza que contraria o tema. Falar de liberdade poderia facilmente cair na celebra\u00e7\u00e3o ou na nostalgia, mas aqui h\u00e1 outra coisa: uma consci\u00eancia de que aquilo que foi conquistado n\u00e3o est\u00e1 terminado. <\/p>\n\n\n\n<div class=\"wp-block-embed__wrapper\">\n<iframe style=\"border-radius: 12px\" width=\"100%\" height=\"152\" frameborder=\"0\" allowfullscreen src=\"https:\/\/open.spotify.com\/embed\/track\/20Q76uFDcNywOA9uged9TX?si=7854210cb8ff4aff&amp;utm_source=oembed\"><\/iframe>\n<\/div>\n\n\n\n<p>O \u201cbeijo\u201d do t\u00edtulo n\u00e3o \u00e9 apenas gesto simb\u00f3lico. \u00c9 proximidade. \u00c9 a tentativa de tornar a liberdade algo vivido, n\u00e3o apenas lembrado. E isso muda o eixo da can\u00e7\u00e3o, porque n\u00e3o se trata de celebrar o passado. Trata-se de perceber o que fazemos com ele.<\/p>\n\n\n\n<p>Sobre aquilo que foi conquistado,mas que s\u00f3 existe verdadeiramente se continuar a ser vivido todos os dias, de forma quase invis\u00edvel.<\/p>","protected":false},"excerpt":{"rendered":"<p>Raquel Caba\u00e7o Pereira lan\u00e7ou \u201cUm Beijo \u00e0 Liberdade\u201d, a 25 de abril de 2026, e n\u00e3o precisa de esconder a sua inten\u00e7\u00e3o: nasce diretamente da mem\u00f3ria coletiva de Revolu\u00e7\u00e3o dos Cravos, mas recusa trat\u00e1-la como algo distante ou simb\u00f3lico. \u00c9 uma can\u00e7\u00e3o que traz a liberdade para o presente, como algo ainda em constru\u00e7\u00e3o. H\u00e1<\/p>","protected":false},"author":1,"featured_media":9303,"comment_status":"open","ping_status":"open","sticky":false,"template":"","format":"standard","meta":[],"categories":[1,26,30],"tags":[87,1648,115],"_links":{"self":[{"href":"https:\/\/www.ecletismomusical.pt\/en\/wp-json\/wp\/v2\/posts\/9302"}],"collection":[{"href":"https:\/\/www.ecletismomusical.pt\/en\/wp-json\/wp\/v2\/posts"}],"about":[{"href":"https:\/\/www.ecletismomusical.pt\/en\/wp-json\/wp\/v2\/types\/post"}],"author":[{"embeddable":true,"href":"https:\/\/www.ecletismomusical.pt\/en\/wp-json\/wp\/v2\/users\/1"}],"replies":[{"embeddable":true,"href":"https:\/\/www.ecletismomusical.pt\/en\/wp-json\/wp\/v2\/comments?post=9302"}],"version-history":[{"count":2,"href":"https:\/\/www.ecletismomusical.pt\/en\/wp-json\/wp\/v2\/posts\/9302\/revisions"}],"predecessor-version":[{"id":9305,"href":"https:\/\/www.ecletismomusical.pt\/en\/wp-json\/wp\/v2\/posts\/9302\/revisions\/9305"}],"wp:featuredmedia":[{"embeddable":true,"href":"https:\/\/www.ecletismomusical.pt\/en\/wp-json\/wp\/v2\/media\/9303"}],"wp:attachment":[{"href":"https:\/\/www.ecletismomusical.pt\/en\/wp-json\/wp\/v2\/media?parent=9302"}],"wp:term":[{"taxonomy":"category","embeddable":true,"href":"https:\/\/www.ecletismomusical.pt\/en\/wp-json\/wp\/v2\/categories?post=9302"},{"taxonomy":"post_tag","embeddable":true,"href":"https:\/\/www.ecletismomusical.pt\/en\/wp-json\/wp\/v2\/tags?post=9302"}],"curies":[{"name":"wp","href":"https:\/\/api.w.org\/{rel}","templated":true}]}}