{"id":9333,"date":"2026-04-29T11:13:00","date_gmt":"2026-04-29T10:13:00","guid":{"rendered":"https:\/\/www.ecletismomusical.pt\/?p=9333"},"modified":"2026-04-29T11:37:16","modified_gmt":"2026-04-29T10:37:16","slug":"worth-listening-to-ines-xara-catos","status":"publish","type":"post","link":"https:\/\/www.ecletismomusical.pt\/en\/worth-listening-to-ines-xara-catos\/","title":{"rendered":"[Worth Listening to] In\u00eas Xar\u00e1 &#8211; CATOS"},"content":{"rendered":"<p><a href=\"https:\/\/www.instagram.com\/inesdslxara\/\">In\u00eas Xar\u00e1<\/a> \u00e9 uma cantora e compositora portuguesa natural de Oliveira de Azem\u00e9is, que construiu o seu percurso de forma quase artesanal, escrevendo, compondo e produzindo o seu pr\u00f3prio trabalho. <em>F\u00e9nix<\/em> (2026), o seu \u00e1lbum de estreia.<\/p>\n\n\n\n<p>Em \u201cCATOS\u201d h\u00e1 desde o primeiro momento uma sensa\u00e7\u00e3o de resist\u00eancia, como se tudo estivesse constru\u00eddo para n\u00e3o deixar entrar facilmente. O pr\u00f3prio t\u00edtulo j\u00e1 aponta para isso: n\u00e3o \u00e9 sobre beleza, \u00e9 sobre sobreviv\u00eancia.<\/p>\n\n\n\n<div class=\"wp-block-embed__wrapper\">\n<iframe width=\"900\" height=\"506\" src=\"https:\/\/www.youtube.com\/embed\/7_cKlYBVdvQ?feature=oembed\" frameborder=\"0\" allowfullscreen><\/iframe>\n<\/div>\n\n\n\n<p>A m\u00fasica move-se num territ\u00f3rio onde o desconforto n\u00e3o \u00e9 evitado, \u00e9 assumido. H\u00e1 uma tens\u00e3o constante entre aproxima\u00e7\u00e3o e afastamento, como se cada palavra fosse dita com a consci\u00eancia de que pode ferir, n\u00e3o por agressividade, mas por verdade. E \u00e9 precisamente nessa fric\u00e7\u00e3o que a can\u00e7\u00e3o ganha forma.<\/p>\n\n\n\n<div class=\"wp-block-embed__wrapper\">\n<iframe style=\"border-radius: 12px\" width=\"100%\" height=\"152\" frameborder=\"0\" allowfullscreen src=\"https:\/\/open.spotify.com\/embed\/track\/2G1moVyL11VRuD2iDlK4ee?si=fbaf529ecb904327&amp;utm_source=oembed\"><\/iframe>\n<\/div>\n\n\n\n<p>Vive assim dessa ideia de prote\u00e7\u00e3o, de crescer num ambiente onde n\u00e3o h\u00e1 espa\u00e7o para fragilidade sem consequ\u00eancia. E isso sente-se na forma como tudo se constr\u00f3i, como camadas que se v\u00e3o acumulando, cada uma mais dif\u00edcil de atravessar do que a anterior. H\u00e1 um equil\u00edbrio estranho entre conten\u00e7\u00e3o e exposi\u00e7\u00e3o, onde a m\u00fasica nunca se entrega totalmente, mas tamb\u00e9m nunca se esconde.<\/p>\n\n\n\n<p><\/p>","protected":false},"excerpt":{"rendered":"<p>In\u00eas Xar\u00e1 \u00e9 uma cantora e compositora portuguesa natural de Oliveira de Azem\u00e9is, que construiu o seu percurso de forma quase artesanal, escrevendo, compondo e produzindo o seu pr\u00f3prio trabalho. F\u00e9nix (2026), o seu \u00e1lbum de estreia. Em \u201cCATOS\u201d h\u00e1 desde o primeiro momento uma sensa\u00e7\u00e3o de resist\u00eancia, como se tudo estivesse constru\u00eddo para n\u00e3o<\/p>","protected":false},"author":1,"featured_media":9334,"comment_status":"open","ping_status":"open","sticky":false,"template":"","format":"standard","meta":[],"categories":[1,529,26,30],"tags":[1652,85,87,115],"_links":{"self":[{"href":"https:\/\/www.ecletismomusical.pt\/en\/wp-json\/wp\/v2\/posts\/9333"}],"collection":[{"href":"https:\/\/www.ecletismomusical.pt\/en\/wp-json\/wp\/v2\/posts"}],"about":[{"href":"https:\/\/www.ecletismomusical.pt\/en\/wp-json\/wp\/v2\/types\/post"}],"author":[{"embeddable":true,"href":"https:\/\/www.ecletismomusical.pt\/en\/wp-json\/wp\/v2\/users\/1"}],"replies":[{"embeddable":true,"href":"https:\/\/www.ecletismomusical.pt\/en\/wp-json\/wp\/v2\/comments?post=9333"}],"version-history":[{"count":1,"href":"https:\/\/www.ecletismomusical.pt\/en\/wp-json\/wp\/v2\/posts\/9333\/revisions"}],"predecessor-version":[{"id":9335,"href":"https:\/\/www.ecletismomusical.pt\/en\/wp-json\/wp\/v2\/posts\/9333\/revisions\/9335"}],"wp:featuredmedia":[{"embeddable":true,"href":"https:\/\/www.ecletismomusical.pt\/en\/wp-json\/wp\/v2\/media\/9334"}],"wp:attachment":[{"href":"https:\/\/www.ecletismomusical.pt\/en\/wp-json\/wp\/v2\/media?parent=9333"}],"wp:term":[{"taxonomy":"category","embeddable":true,"href":"https:\/\/www.ecletismomusical.pt\/en\/wp-json\/wp\/v2\/categories?post=9333"},{"taxonomy":"post_tag","embeddable":true,"href":"https:\/\/www.ecletismomusical.pt\/en\/wp-json\/wp\/v2\/tags?post=9333"}],"curies":[{"name":"wp","href":"https:\/\/api.w.org\/{rel}","templated":true}]}}