{"id":939,"date":"2005-12-22T13:19:00","date_gmt":"2005-12-22T13:19:00","guid":{"rendered":"https:\/\/ecletismomusical.pt\/o-grande-trovador\/"},"modified":"2005-12-22T13:19:00","modified_gmt":"2005-12-22T13:19:00","slug":"o-grande-trovador","status":"publish","type":"post","link":"https:\/\/www.ecletismomusical.pt\/en\/o-grande-trovador\/","title":{"rendered":"O Grande Trovador"},"content":{"rendered":"<div><a href=\"http:\/\/www.cdgo.com\/artigoDetalhe.php?idArtigo=3029980\"><img src=\"http:\/\/www.fnac.pt\/images\/catalogo\/discos\/xl\/5602896113625.jpg\" \/><\/a><\/p>\n<p><a href=\"http:\/\/www.cdgo.com\/artigoDetalhe.php?idArtigo=3029980\">Antologia 1982-1990<\/a> &#8211; Pedro Barroso<br \/><img src=\"http:\/\/images-eu.amazon.com\/images\/G\/02\/detail\/stars-5-0.gif\" \/><\/p>\n<p><a href=\"http:\/\/www.pedrobarroso.com\/\">Pedro Barroso<\/a>, um dos \u00faltimos trovadores portugueses com uma carreira de mais de 36 anos, dono de uma das melhores vozes que Portugal alguma vez viu nascer, lan\u00e7ou recentemente a sua Antologia relativa aos anos de 1982 a 1990. Num trabalho duplo, revisitam-se temas marcantes do per\u00edodo \u00e1ureo da sua carreira, na verdade, foi precisamente neste per\u00edodo temporal, que <strong>Pedro Barroso<\/strong> criou grande parte dos temas que perdurar\u00e3o na mem\u00f3ria de todos os que se habituaram a ouvi-lo, especialmente daqueles que n\u00e3o se ficaram pelos temas de car\u00edz popular e foram acompanhando e apreciando o lado mais intimista, de maior reflex\u00e3o de um grande compositor\/escritor de can\u00e7\u00f5es.<\/p>\n<p><strong>Texto de apresenta\u00e7\u00e3o do trabalho:<\/strong><\/p>\n<p><span style=\"font-size:85%\"><em>\u00abFui eu quem fez isto? N\u00e3o sei. Acho que sim.<\/p>\n<p>Difusa no tempo, ainda conservo a mem\u00f3ria dessa f\u00faria. Era um tempo bonito de viver e acreditar. Convidavam-me e eu partia. Cheirava-se o campo nas can\u00e7\u00f5es. Cooperativas e Associa\u00e7\u00f5es. Gente generosa e calejada, tentando ordenar as vidas. Acreditava-se que a amizade, a solidariedade e a generosidade seriam eternas.<\/p>\n<p>Lembro vagamente a semente indel\u00e9vel de uma vida estampada nos palcos improvisados. Talento &#8211; o que houvesse ? esse era desbaratado perdidamente por um pa\u00eds sedento de cultura. Um pa\u00eds ins\u00f3lito e esquecido, ainda hoje t\u00e3o por descobrir. (&#8230;)\u00bb<\/em> <strong>Continuar a ler <\/strong><\/span><a href=\"http:\/\/www.cdgo.com\/artigoDetalhe.php?idArtigo=3029980\"><span style=\"font-size:85%\"><strong>aqui<\/strong><\/span><\/a><span style=\"font-size:85%\">.<\/span><\/p>\n<p><span style=\"font-size:78%\">Aprendi Cantos com a Terra<br \/><\/p>\n<p>Menina dos Olhos D&#8217;\u00c1gua<br \/><\/p>\n<p><strong>Bonita<\/strong><br \/><\/p>\n<p>Cantar Brejeiro (A Perninha da Menina)<br \/><\/span><\/div>\n<p><\/p>","protected":false},"excerpt":{"rendered":"<p>Antologia 1982-1990 &#8211; Pedro Barroso Pedro Barroso, um dos \u00faltimos trovadores portugueses com uma carreira de mais de 36 anos, dono de uma das melhores vozes que Portugal alguma vez viu nascer, lan\u00e7ou recentemente a sua Antologia relativa aos anos de 1982 a 1990. Num trabalho duplo, revisitam-se temas marcantes do per\u00edodo \u00e1ureo da sua<\/p>","protected":false},"author":1,"featured_media":0,"comment_status":"open","ping_status":"open","sticky":false,"template":"","format":"standard","meta":[],"categories":[1],"tags":[],"_links":{"self":[{"href":"https:\/\/www.ecletismomusical.pt\/en\/wp-json\/wp\/v2\/posts\/939"}],"collection":[{"href":"https:\/\/www.ecletismomusical.pt\/en\/wp-json\/wp\/v2\/posts"}],"about":[{"href":"https:\/\/www.ecletismomusical.pt\/en\/wp-json\/wp\/v2\/types\/post"}],"author":[{"embeddable":true,"href":"https:\/\/www.ecletismomusical.pt\/en\/wp-json\/wp\/v2\/users\/1"}],"replies":[{"embeddable":true,"href":"https:\/\/www.ecletismomusical.pt\/en\/wp-json\/wp\/v2\/comments?post=939"}],"version-history":[{"count":0,"href":"https:\/\/www.ecletismomusical.pt\/en\/wp-json\/wp\/v2\/posts\/939\/revisions"}],"wp:attachment":[{"href":"https:\/\/www.ecletismomusical.pt\/en\/wp-json\/wp\/v2\/media?parent=939"}],"wp:term":[{"taxonomy":"category","embeddable":true,"href":"https:\/\/www.ecletismomusical.pt\/en\/wp-json\/wp\/v2\/categories?post=939"},{"taxonomy":"post_tag","embeddable":true,"href":"https:\/\/www.ecletismomusical.pt\/en\/wp-json\/wp\/v2\/tags?post=939"}],"curies":[{"name":"wp","href":"https:\/\/api.w.org\/{rel}","templated":true}]}}