{"id":944,"date":"2005-12-12T22:02:00","date_gmt":"2005-12-12T22:02:00","guid":{"rendered":"https:\/\/ecletismomusical.pt\/grandes-regressos\/"},"modified":"2005-12-12T22:02:00","modified_gmt":"2005-12-12T22:02:00","slug":"grandes-regressos","status":"publish","type":"post","link":"https:\/\/www.ecletismomusical.pt\/en\/grandes-regressos\/","title":{"rendered":"Grandes Regressos"},"content":{"rendered":"<div><a href=\"http:\/\/www.ruiveloso.net\/discografia\/36\/d36aEspumaDasCancoes.html\"><img height=\"237\" src=\"http:\/\/www.ruiveloso.net\/imagem\/capas\/g36aEspumaDasCancoes300x302.jpg\" width=\"279\" \/><\/a><\/p>\n<p><a href=\"http:\/\/www.ruiveloso.net\/discografia\/36\/d36aEspumaDasCancoes.html\">A Espuma das Can\u00e7\u00f5es<\/a> &#8211; Rui Veloso<br \/><img src=\"http:\/\/images-eu.amazon.com\/images\/G\/02\/detail\/stars-4-5.gif\" \/><\/p>\n<p>O aguardado regresso da dupla <strong>Carlos T\u00e9\/Rui Veloso<\/strong> confirma tudo aquilo que desde h\u00e1 muito se sabe. Pese embora a habitual resist\u00eancia de alguns sectores da cr\u00edtica, a verdade \u00e9 que esta dupla representa o que de melhor se faz (e tem feito, ao longo de 25 anos) na m\u00fasica em Portugal. Este novo trabalho confirma, mais uma vez, o poder criativo de <strong>Carlos T\u00e9<\/strong> e o verdadeiro dom de <strong>Rui Veloso<\/strong> na interpreta\u00e7\u00e3o de can\u00e7\u00f5es. Um conjunto de grandes temas prontos a ser ouvidos, de prefer\u00eancia, sem complexos de qualquer \u00edndole, ou seja, sem a habitual mesquinhez lusitana. Excertos de todos os temas no <a href=\"http:\/\/www.ruiveloso.net\/discografia\/36\/d36aEspumaDasCancoes.html\">site oficial<\/a>.<\/p>\n<p><a href=\"http:\/\/www.fiona-apple.com\/\"><img height=\"237\" src=\"http:\/\/images-eu.amazon.com\/images\/P\/B000B6542C.02.LZZZZZZZ.jpg\" width=\"279\" \/><\/a><\/p>\n<p><a href=\"http:\/\/www.fiona-apple.com\/\">Extraordinary Machine<\/a> &#8211; Fiona Apple<br \/><img src=\"http:\/\/images-eu.amazon.com\/images\/G\/02\/detail\/stars-4-0.gif\" \/><\/p>\n<p>Embora contando recentemente com, pelo menos, uma nomea\u00e7\u00e3o para os Grammys na categoria de melhor \u00e1lbum pop, este novo trabalho de <strong>Fiona Apple<\/strong> \u00e9 claramente um disco pol\u00e9mico. N\u00e3o, que o seu alinhamento extravase significativamente aquilo que de bom <strong>Fiona<\/strong> nos habituou, ou que o seu conte\u00fado possa chocar ou impressionar. Este \u00e9 um disco pol\u00e9mico porque se encontra pronto desde <strong>Maio de 2003<\/strong> mas, por uma decis\u00e3o incompreens\u00edvel da editora <strong>Sony\/Epic<\/strong>, baseada na ideia de que este trabalho n\u00e3o seria suficientemente comercial para vender e, consequentemente, n\u00e3o iria dar o lucro necess\u00e1rio para cobrir o custo da promo\u00e7\u00e3o e distribui\u00e7\u00e3o, foi guardado a sete chaves at\u00e9 agora. Depois de uma intensa campanha dos fans de <strong>Fiona Apple,<\/strong> o \u00e1lbum foi finalmente editado. E, tal como seria de esperar, \u00e9 mais uma demonstra\u00e7\u00e3o de que cantoras como <strong>Fiona<\/strong>, simplesmente n\u00e3o fazem coisas m\u00e1s. Estamos perante um belo conjunto de can\u00e7\u00f5es pop, onde Fiona alcan\u00e7a a maturidade. Excertos e informa\u00e7\u00f5es no <a href=\"http:\/\/www.fiona-apple.com\/\">site oficial<\/a>.<\/p>\n<p><a href=\"http:\/\/www.katebush.com\/\"><img height=\"237\" src=\"http:\/\/images-eu.amazon.com\/images\/P\/B000BEPLUE.02.LZZZZZZZ.jpg\" width=\"279\" \/><\/a><\/p>\n<p><a href=\"http:\/\/www.katebush.com\/\">Aerial<\/a> &#8211; Kate Bush<br \/><img src=\"http:\/\/images-eu.amazon.com\/images\/G\/02\/detail\/stars-4-0.gif\" \/><\/p>\n<p>Desde <strong>\u00abThe Red Shoes\u00bb<\/strong> de 1993, que se aguardava pelo regresso de uma das mais interessantes vozes do Reino Unido. <strong>\u00abAerial\u00bb<\/strong> \u00e9 um trabalho duplo recheado de mel\u00f3dicas can\u00e7\u00f5es, onde <strong>Kate<\/strong> demonstra de forma inequ\u00edvoca que, se n\u00e3o tem tido, ao longo dos anos, maior visibilidade e sucesso, tal tem-se devido apenas ao facto de, para ela, isso n\u00e3o ser o mais importante. O que importa verdadeiramente \u00e9 fazer aquilo que se gosta, cantar o que se deseja e emocionar quem assim pretender. \u00c9 claro que, com aquela voz, a mesma voz que sempre emocionou e impressionou, que permanece conservada imaculadamente, e aqui e ali ainda conseguindo ser projectada de uma forma mais poderosa, este ser\u00e1 certamente um marco na sua carreira e, como tal, vale bem a pena a audi\u00e7\u00e3o. Excertos e informa\u00e7\u00f5es no <a href=\"http:\/\/www.katebush.com\/\">site oficial<\/a>.<\/div>","protected":false},"excerpt":{"rendered":"<p>A Espuma das Can\u00e7\u00f5es &#8211; Rui Veloso O aguardado regresso da dupla Carlos T\u00e9\/Rui Veloso confirma tudo aquilo que desde h\u00e1 muito se sabe. Pese embora a habitual resist\u00eancia de alguns sectores da cr\u00edtica, a verdade \u00e9 que esta dupla representa o que de melhor se faz (e tem feito, ao longo de 25 anos)<\/p>","protected":false},"author":1,"featured_media":0,"comment_status":"open","ping_status":"open","sticky":false,"template":"","format":"standard","meta":[],"categories":[1],"tags":[],"_links":{"self":[{"href":"https:\/\/www.ecletismomusical.pt\/en\/wp-json\/wp\/v2\/posts\/944"}],"collection":[{"href":"https:\/\/www.ecletismomusical.pt\/en\/wp-json\/wp\/v2\/posts"}],"about":[{"href":"https:\/\/www.ecletismomusical.pt\/en\/wp-json\/wp\/v2\/types\/post"}],"author":[{"embeddable":true,"href":"https:\/\/www.ecletismomusical.pt\/en\/wp-json\/wp\/v2\/users\/1"}],"replies":[{"embeddable":true,"href":"https:\/\/www.ecletismomusical.pt\/en\/wp-json\/wp\/v2\/comments?post=944"}],"version-history":[{"count":0,"href":"https:\/\/www.ecletismomusical.pt\/en\/wp-json\/wp\/v2\/posts\/944\/revisions"}],"wp:attachment":[{"href":"https:\/\/www.ecletismomusical.pt\/en\/wp-json\/wp\/v2\/media?parent=944"}],"wp:term":[{"taxonomy":"category","embeddable":true,"href":"https:\/\/www.ecletismomusical.pt\/en\/wp-json\/wp\/v2\/categories?post=944"},{"taxonomy":"post_tag","embeddable":true,"href":"https:\/\/www.ecletismomusical.pt\/en\/wp-json\/wp\/v2\/tags?post=944"}],"curies":[{"name":"wp","href":"https:\/\/api.w.org\/{rel}","templated":true}]}}