{"id":950,"date":"2005-11-25T02:10:00","date_gmt":"2005-11-25T02:10:00","guid":{"rendered":"https:\/\/ecletismomusical.pt\/yo-yo-ma-na-gulbenkian\/"},"modified":"2005-11-25T02:10:00","modified_gmt":"2005-11-25T02:10:00","slug":"yo-yo-ma-na-gulbenkian","status":"publish","type":"post","link":"https:\/\/www.ecletismomusical.pt\/en\/yo-yo-ma-na-gulbenkian\/","title":{"rendered":"Yo-Yo Ma na Gulbenkian"},"content":{"rendered":"<div><a href=\"http:\/\/www.yo-yoma.com\/\"><img src=\"http:\/\/www.siegelproductions.ca\/images\/yo%20yo%20ma.jpg\" \/><\/a><\/p>\n<p><em>\u00abO Ciclo de M\u00fasica de C\u00e2mara da Gulbenkian recebe o c\u00e9lebre violoncelista (nascido em Paris, de ascend\u00eancia chinesa) Yo-Yo Ma, no<strong> dia 30 de Novembro.<br \/><\/strong>Com uma extensa discografia (premiada v\u00e1rias vezes nos Grammy), \u00e9 internacionalmente reconhecido pela criatividade e pela busca incessante de novos territ\u00f3rios para expans\u00e3o do repert\u00f3rio do instrumento.\u00bb<\/em><\/p>\n<p>Wednesday, 30 Nov 2005, 19:00 &#8211; <a href=\"http:\/\/www.musica.gulbenkian.pt\/?cgi-bin\/wnp_db_dynamic_record.pl?dn=db_musica_biographies_pt&amp;sn=musica&amp;amp;orn=950\">Grande Audit\u00f3rio <\/a><br \/><a href=\"http:\/\/www.yo-yoma.com\/\">YO-YO MA<\/a> (violoncelo)<br \/>Johann Sebastian Bach<br \/>Suite para Violoncelo N\u00ba 3, em D\u00f3 Maior, BWV.1009<br \/><br \/>Suite para Violoncelo N\u00ba 5, em D\u00f3 menor, BWV.1011<br \/><br \/>Suite para Violoncelo N\u00ba 6, em R\u00e9 Maior, BWV.1012<br \/><\/p>\n<p>Discos Essenciais de Yo-Yo Ma:<\/p>\n<p><a href=\"http:\/\/sonyclassical.com\/music\/63203\/\"><img height=\"157\" src=\"http:\/\/images.amazon.com\/images\/P\/B0000029YB.01._SCLZZZZZZZ_.jpg\" width=\"128\" \/><\/a> <a href=\"http:\/\/www.yo-yoma.com\/\"><img height=\"157\" src=\"http:\/\/images.amazon.com\/images\/P\/B000A7Q29G.01._SCLZZZZZZZ_.jpg\" width=\"127\" \/><\/a><br \/><a href=\"http:\/\/www.sonymusicstore.com\/store\/catalog\/MerchandiseDetails.jsp?merchId=60025&amp;sms=6904-90970-ast\"><img height=\"157\" src=\"http:\/\/images.amazon.com\/images\/P\/B00009ZKXD.01._SCLZZZZZZZ_.jpg\" width=\"128\" \/><\/a> <a href=\"http:\/\/www.yo-yoma.com\/morricone\/\"><img height=\"157\" src=\"http:\/\/images.amazon.com\/images\/P\/B0002YCVXI.01._SCLZZZZZZZ_.jpg\" width=\"128\" \/><\/a> <\/div>","protected":false},"excerpt":{"rendered":"<p>\u00abO Ciclo de M\u00fasica de C\u00e2mara da Gulbenkian recebe o c\u00e9lebre violoncelista (nascido em Paris, de ascend\u00eancia chinesa) Yo-Yo Ma, no dia 30 de Novembro.Com uma extensa discografia (premiada v\u00e1rias vezes nos Grammy), \u00e9 internacionalmente reconhecido pela criatividade e pela busca incessante de novos territ\u00f3rios para expans\u00e3o do repert\u00f3rio do instrumento.\u00bb Wednesday, 30 Nov 2005,<\/p>","protected":false},"author":1,"featured_media":0,"comment_status":"open","ping_status":"open","sticky":false,"template":"","format":"standard","meta":[],"categories":[1],"tags":[],"_links":{"self":[{"href":"https:\/\/www.ecletismomusical.pt\/en\/wp-json\/wp\/v2\/posts\/950"}],"collection":[{"href":"https:\/\/www.ecletismomusical.pt\/en\/wp-json\/wp\/v2\/posts"}],"about":[{"href":"https:\/\/www.ecletismomusical.pt\/en\/wp-json\/wp\/v2\/types\/post"}],"author":[{"embeddable":true,"href":"https:\/\/www.ecletismomusical.pt\/en\/wp-json\/wp\/v2\/users\/1"}],"replies":[{"embeddable":true,"href":"https:\/\/www.ecletismomusical.pt\/en\/wp-json\/wp\/v2\/comments?post=950"}],"version-history":[{"count":0,"href":"https:\/\/www.ecletismomusical.pt\/en\/wp-json\/wp\/v2\/posts\/950\/revisions"}],"wp:attachment":[{"href":"https:\/\/www.ecletismomusical.pt\/en\/wp-json\/wp\/v2\/media?parent=950"}],"wp:term":[{"taxonomy":"category","embeddable":true,"href":"https:\/\/www.ecletismomusical.pt\/en\/wp-json\/wp\/v2\/categories?post=950"},{"taxonomy":"post_tag","embeddable":true,"href":"https:\/\/www.ecletismomusical.pt\/en\/wp-json\/wp\/v2\/tags?post=950"}],"curies":[{"name":"wp","href":"https:\/\/api.w.org\/{rel}","templated":true}]}}