{"id":952,"date":"2005-11-15T00:13:00","date_gmt":"2005-11-15T00:13:00","guid":{"rendered":"https:\/\/ecletismomusical.pt\/festival-de-musica-e-cultura-urbana\/"},"modified":"2005-11-15T00:13:00","modified_gmt":"2005-11-15T00:13:00","slug":"festival-de-musica-e-cultura-urbana","status":"publish","type":"post","link":"https:\/\/www.ecletismomusical.pt\/en\/festival-de-musica-e-cultura-urbana\/","title":{"rendered":"Festival de M\u00fasica e Cultura Urbana"},"content":{"rendered":"<div><a href=\"http:\/\/www.uguru.net\/\"><img height=\"198\" src=\"http:\/\/www.uguru.net\/images\/varios\/MNCIDADE115X154mm_big.jpg\" width=\"213\" \/><\/a><\/p>\n<p><em>\u00abO jazz, o fado e as novas tend\u00eancias juntam-se, durante as noites de 24, 25 e 26 de Novembro, na <strong>Aula Magna da Reitoria da Universidade de Lisboa<\/strong>, para a realiza\u00e7\u00e3o de M\u00fasica na Cidade \u2013 Festival de M\u00fasica e Cultura Urbana de Portugal, que a <a href=\"http:\/\/www.uguru.net\/\">Uguru <\/a>promove como uma celebra\u00e7\u00e3o da energia, da diversidade e do cosmopolitismo da m\u00fasica portuguesa.\u00bb <a href=\"http:\/\/www.ticketline.pt\/sinopse.asp?numesp=1990\">Ticket line<\/a><\/em><\/p>\n<p><strong>24 Novembro<\/strong><\/p>\n<p>21H30 \u2013 GAROTO (dura\u00e7\u00e3o +\/- 45m)<br \/>22H30 \u2013 RODRIGO LE\u00c3O (dura\u00e7\u00e3o +\/- 1h15m)<br \/>(Convidado Especial Ludovico Einaudi) <\/div>\n<div><strong>25 Novembro<\/strong><\/p>\n<p>21H30 \u2013 PAULA OLIVEIRA &amp; BERNARDO MOREIRA (dura\u00e7\u00e3o +\/- 1h00)<br \/>22H45 \u2013 JACINTA (dura\u00e7\u00e3o +\/- 1h00)<br \/>(Convidado Especial Greg Osby)<\/p>\n<p><strong>26 Novembro<br \/><\/strong><br \/>21H30 \u2013 CRISTINA BRANCO (dura\u00e7\u00e3o +\/- 1h00)<br \/>22H45 \u2013 CAMAN\u00c9 (dura\u00e7\u00e3o +\/- 1h00) <\/div>","protected":false},"excerpt":{"rendered":"<p>\u00abO jazz, o fado e as novas tend\u00eancias juntam-se, durante as noites de 24, 25 e 26 de Novembro, na Aula Magna da Reitoria da Universidade de Lisboa, para a realiza\u00e7\u00e3o de M\u00fasica na Cidade \u2013 Festival de M\u00fasica e Cultura Urbana de Portugal, que a Uguru promove como uma celebra\u00e7\u00e3o da energia, da diversidade<\/p>","protected":false},"author":1,"featured_media":0,"comment_status":"open","ping_status":"open","sticky":false,"template":"","format":"standard","meta":[],"categories":[1],"tags":[],"_links":{"self":[{"href":"https:\/\/www.ecletismomusical.pt\/en\/wp-json\/wp\/v2\/posts\/952"}],"collection":[{"href":"https:\/\/www.ecletismomusical.pt\/en\/wp-json\/wp\/v2\/posts"}],"about":[{"href":"https:\/\/www.ecletismomusical.pt\/en\/wp-json\/wp\/v2\/types\/post"}],"author":[{"embeddable":true,"href":"https:\/\/www.ecletismomusical.pt\/en\/wp-json\/wp\/v2\/users\/1"}],"replies":[{"embeddable":true,"href":"https:\/\/www.ecletismomusical.pt\/en\/wp-json\/wp\/v2\/comments?post=952"}],"version-history":[{"count":0,"href":"https:\/\/www.ecletismomusical.pt\/en\/wp-json\/wp\/v2\/posts\/952\/revisions"}],"wp:attachment":[{"href":"https:\/\/www.ecletismomusical.pt\/en\/wp-json\/wp\/v2\/media?parent=952"}],"wp:term":[{"taxonomy":"category","embeddable":true,"href":"https:\/\/www.ecletismomusical.pt\/en\/wp-json\/wp\/v2\/categories?post=952"},{"taxonomy":"post_tag","embeddable":true,"href":"https:\/\/www.ecletismomusical.pt\/en\/wp-json\/wp\/v2\/tags?post=952"}],"curies":[{"name":"wp","href":"https:\/\/api.w.org\/{rel}","templated":true}]}}