{"id":957,"date":"2005-11-03T00:01:00","date_gmt":"2005-11-03T00:01:00","guid":{"rendered":"https:\/\/ecletismomusical.pt\/estreia-hoje-o-imperio-contra-ataca\/"},"modified":"2005-11-03T00:01:00","modified_gmt":"2005-11-03T00:01:00","slug":"estreia-hoje-o-imperio-contra-ataca","status":"publish","type":"post","link":"https:\/\/www.ecletismomusical.pt\/en\/estreia-hoje-o-imperio-contra-ataca\/","title":{"rendered":"Estreia Hoje: O Imp\u00e9rio contra-ataca&#8230;"},"content":{"rendered":"<p><a href=\"http:\/\/www.mtv.pt\/ema\/\"><img src=\"http:\/\/www.mtv.pt\/mtv.pt\/images\/events\/emas\/emas_high2.jpg\" \/><\/a><\/p>\n<p>Pop\/Rock\/Hip-Hop\/Rap<br \/>Novembro<br \/>Dia 3 Quinta-Feira 19:30<br \/>Pavil\u00e3o Atl\u00e2ntico &#8211; Lisboa<\/p>\n<p><strong>&#8230;ou a reden\u00e7\u00e3o \u00abfavela-chic\u00bb: <\/strong><br \/><a href=\"http:\/\/www.seujorge.com\/\"><img height=\"219\" src=\"http:\/\/www.adorocinemabrasileiro.com.br\/filmes\/cidade-de-deus\/cidade-de-deus09.jpg\" width=\"327\" \/><\/a> <a href=\"http:\/\/www.seujorge.com\/\"><img height=\"178\" src=\"http:\/\/www.obaoba.com.br\/images\/agente\/376\/ag376_lateral.jpg\" width=\"164\" \/><\/a><\/p>\n<p>3 Novembro &#8211; AULA MAGNA, Lisboa<\/p>\n<p>Doutorais : 30.00\u20ac<br \/>Anfiteatro: 23.00\u20ac<\/p>\n<p>In\u00edcio do Evento: 21H30<\/p>\n<p>Tive Raz\u00e3o (Cru)<br \/><br \/>S\u00e3o Gon\u00e7a (Cru)<br \/><\/p>","protected":false},"excerpt":{"rendered":"<p>Pop\/Rock\/Hip-Hop\/RapNovembroDia 3 Quinta-Feira 19:30Pavil\u00e3o Atl\u00e2ntico &#8211; Lisboa &#8230;ou a reden\u00e7\u00e3o \u00abfavela-chic\u00bb: 3 Novembro &#8211; AULA MAGNA, Lisboa Doutorais : 30.00\u20acAnfiteatro: 23.00\u20ac In\u00edcio do Evento: 21H30 Tive Raz\u00e3o (Cru)S\u00e3o Gon\u00e7a (Cru)<\/p>","protected":false},"author":1,"featured_media":0,"comment_status":"open","ping_status":"open","sticky":false,"template":"","format":"standard","meta":[],"categories":[1],"tags":[],"_links":{"self":[{"href":"https:\/\/www.ecletismomusical.pt\/en\/wp-json\/wp\/v2\/posts\/957"}],"collection":[{"href":"https:\/\/www.ecletismomusical.pt\/en\/wp-json\/wp\/v2\/posts"}],"about":[{"href":"https:\/\/www.ecletismomusical.pt\/en\/wp-json\/wp\/v2\/types\/post"}],"author":[{"embeddable":true,"href":"https:\/\/www.ecletismomusical.pt\/en\/wp-json\/wp\/v2\/users\/1"}],"replies":[{"embeddable":true,"href":"https:\/\/www.ecletismomusical.pt\/en\/wp-json\/wp\/v2\/comments?post=957"}],"version-history":[{"count":0,"href":"https:\/\/www.ecletismomusical.pt\/en\/wp-json\/wp\/v2\/posts\/957\/revisions"}],"wp:attachment":[{"href":"https:\/\/www.ecletismomusical.pt\/en\/wp-json\/wp\/v2\/media?parent=957"}],"wp:term":[{"taxonomy":"category","embeddable":true,"href":"https:\/\/www.ecletismomusical.pt\/en\/wp-json\/wp\/v2\/categories?post=957"},{"taxonomy":"post_tag","embeddable":true,"href":"https:\/\/www.ecletismomusical.pt\/en\/wp-json\/wp\/v2\/tags?post=957"}],"curies":[{"name":"wp","href":"https:\/\/api.w.org\/{rel}","templated":true}]}}