{"id":958,"date":"2005-10-31T16:13:00","date_gmt":"2005-10-31T16:13:00","guid":{"rendered":"https:\/\/ecletismomusical.pt\/um-passo-em-frente\/"},"modified":"2005-10-31T16:13:00","modified_gmt":"2005-10-31T16:13:00","slug":"um-passo-em-frente","status":"publish","type":"post","link":"https:\/\/www.ecletismomusical.pt\/en\/um-passo-em-frente\/","title":{"rendered":"Um Passo em Frente"},"content":{"rendered":"<div><a href=\"http:\/\/www.katiaguerreiro.com\/\"><img height=\"243\" src=\"http:\/\/www.fnac.pt\/images\/catalogo\/discos\/xl\/5604931084020.jpg\" width=\"246\" \/><\/a><\/p>\n<p><a href=\"http:\/\/www.katiaguerreiro.com\/\">Tudo ou Nada<\/a> &#8211; Katia Guerreiro<br \/><img src=\"http:\/\/images-eu.amazon.com\/images\/G\/02\/detail\/stars-4-0.gif\" \/><\/p>\n<p>Bendito o dia em que, a Doutora <strong>Katia Guerreiro<\/strong>, decidiu que salvar vidas n\u00e3o era suficiente para a sua vida. Precisava tamb\u00e9m de espantar os seus dem\u00f3nios ajudando, com a sua voz e a sua forma caracter\u00edstica de encarar o <strong>Fado<\/strong>, a apaziguar esp\u00edritos desavindos ou amargurados.<\/p>\n<p>Ao terceiro \u00e1lbum, <strong>Katia Guerreiro<\/strong> decide dar um passo em frente e apresenta <strong>\u00abTudo ou Nada\u00bb.<\/strong> Acompanhada pelos seus m\u00fasicos de sempre (<strong>Paulo Valentim, Jo\u00e3o Veiga e Rodrigo Serr\u00e3o<\/strong>) e contando, entre outros, com a colabora\u00e7\u00e3o de <strong>Bernardo Sassetti<\/strong>, Katia faz quest\u00e3o de que este seu novo trabalho seja mais um tributo aos poetas, que sempre tiveram uma rela\u00e7\u00e3o pr\u00f3xima com o <strong>Fado<\/strong>.<\/p>\n<p>\u00c9 assim que, neste trabalho, as palavras de <strong>Ant\u00f3nio Lobo Antunes, Joaquim Pessoa, Jos\u00e9 Carlos Ary dos Santos, Maria Lu\u00edsa Baptista<\/strong> ou da genial <strong>Sophia de Mello Breyner<\/strong> tomam na voz de <strong>Katia Guerreiro<\/strong> uma dimens\u00e3o suprema, de encantamento perfeito.<\/p>\n<p>Mas, este n\u00e3o \u00e9 um disco exclusivamente de <strong>Fado<\/strong>, dele fazem parte <strong>\u00abMenina do Alto da Serra\u00bb<\/strong>, <strong>\u00abSaudades do Brasil em Portugal\u00bb<\/strong> de <strong>Vinicius de Moraes<\/strong>, originalmente composto para <strong>Am\u00e1lia Rodrigues<\/strong> and <strong>\u00abDulce Caravela\u00bb<\/strong> composto expressamente por <strong>Dulce Pontes<\/strong> para <strong>Katia Guerreiro<\/strong>.<\/p>\n<p><strong>Alinhamento:<\/strong><\/p>\n<p><span style=\"font-size:78%\">01. Disse-Te Adeus \u00c0 Partida. O Mar Acaba Ao Teu Lado<br \/><br \/>02. Despedida<br \/><br \/>03. Ser Tudo Ou Nada<br \/><br \/>04. Muda Tudo. At\u00e9 O Mundo<br \/><br \/>05. Minha Senhora Das Dores<br \/><br \/>06. Canto Da Fantasia<br \/>07. Vaga<br \/>08. Dulce Caravela<br \/>09. Quando<br \/>10. Menina Do Alto Da Serra<br \/>11. Saudades Do Brasil Em Portugal<br \/>12. O Meu Navio<br \/>13. Talvez N\u00e3o Saibas<br \/>14. Tenho Uma Saia Rodada<\/span> <\/div>","protected":false},"excerpt":{"rendered":"<p>Tudo ou Nada &#8211; Katia Guerreiro Bendito o dia em que, a Doutora Katia Guerreiro, decidiu que salvar vidas n\u00e3o era suficiente para a sua vida. Precisava tamb\u00e9m de espantar os seus dem\u00f3nios ajudando, com a sua voz e a sua forma caracter\u00edstica de encarar o Fado, a apaziguar esp\u00edritos desavindos ou amargurados. Ao terceiro<\/p>","protected":false},"author":1,"featured_media":0,"comment_status":"open","ping_status":"open","sticky":false,"template":"","format":"standard","meta":[],"categories":[1],"tags":[],"_links":{"self":[{"href":"https:\/\/www.ecletismomusical.pt\/en\/wp-json\/wp\/v2\/posts\/958"}],"collection":[{"href":"https:\/\/www.ecletismomusical.pt\/en\/wp-json\/wp\/v2\/posts"}],"about":[{"href":"https:\/\/www.ecletismomusical.pt\/en\/wp-json\/wp\/v2\/types\/post"}],"author":[{"embeddable":true,"href":"https:\/\/www.ecletismomusical.pt\/en\/wp-json\/wp\/v2\/users\/1"}],"replies":[{"embeddable":true,"href":"https:\/\/www.ecletismomusical.pt\/en\/wp-json\/wp\/v2\/comments?post=958"}],"version-history":[{"count":0,"href":"https:\/\/www.ecletismomusical.pt\/en\/wp-json\/wp\/v2\/posts\/958\/revisions"}],"wp:attachment":[{"href":"https:\/\/www.ecletismomusical.pt\/en\/wp-json\/wp\/v2\/media?parent=958"}],"wp:term":[{"taxonomy":"category","embeddable":true,"href":"https:\/\/www.ecletismomusical.pt\/en\/wp-json\/wp\/v2\/categories?post=958"},{"taxonomy":"post_tag","embeddable":true,"href":"https:\/\/www.ecletismomusical.pt\/en\/wp-json\/wp\/v2\/tags?post=958"}],"curies":[{"name":"wp","href":"https:\/\/api.w.org\/{rel}","templated":true}]}}